{"id":10081,"date":"2024-12-30T10:00:05","date_gmt":"2024-12-30T08:00:05","guid":{"rendered":"https:\/\/srb-bih.org\/?p=10081"},"modified":"2024-12-30T10:08:38","modified_gmt":"2024-12-30T08:08:38","slug":"first-cross-border-startup-business-forum-held-as-part-of-the-project-neseser","status":"publish","type":"post","link":"https:\/\/srb-bih.org\/sr\/first-cross-border-startup-business-forum-held-as-part-of-the-project-neseser\/","title":{"rendered":"Odr\u017ean Prvi prekograni\u010dni startap biznis forum projekta NESESER"},"content":{"rendered":"<p><\/p>\n<p data-pm-slice=\"1 1 []\">Prvi prekograni\u010dni startap biznis forum projekta NESESER&nbsp; odr\u017ean je 16. i 17. decembra 2024. godine u Omladinskom centru Br\u010dko distrikta. Forum je okupio vrhunske stru\u010dnjake, preduzetnike, predstavnike izvr\u0161ne i zakonodavne vlasti, civilnog sektora, privrednike i brojne gra\u0111ane.<\/p>\n<p>Forum je otvorio gradona\u010delnik Br\u010dko distrikta BiH, gospodin Sini\u0161a Mili\u0107, koji je istakao va\u017enost ja\u010danja preduzetni\u010dkog duha, s posebnim naglaskom na osna\u017eivanje mladih i \u017eena u vo\u0111enju startap projekata.<\/p>\n<p>\u201eOvaj dvogodi\u0161nji projekat otvorio je vrata inovacijama i novim poslovnim mogu\u0107nostima i oja\u010dao saradnju izme\u0111u Br\u010dko distrikta BiH i Loznice. Mi u Br\u010dkom ve\u0107 imamo odre\u0111ena iskustva u oblasti projekata samozapo\u0161ljavanja i to ve\u0107 dugi niz godina implementiramo u oblasti privrede i poljoprivrede. Vjerujem da \u0107e nam iskustva sa ovog Biznis foruma zna\u010dajno unaprijediti na\u0161 bud\u017eetski program,\u201c rekao je Mili\u0107.<\/p>\n<p>Indira Levi\u0107 Muharemovi\u0107, menad\u017eerka na projektu NESESER, rekla je da je cilj foruma i sabiranje utisaka dvogodi\u0161njeg rada.<\/p>\n<p>\u201eU okviru ovog projekta bilo je deset startap preduze\u0107a u Br\u010dkom i deset u Loznici. Ovo je finalna aktivnost ovog projekta, ali i najava nastavka u naredne dvije godine, tokom kojih \u0107emo nastaviti da podr\u017eavamo preduzetnike i startape,\u201c istakla je Levi\u0107 Muharemovi\u0107.<\/p>\n<p>Nenad Jevtovi\u0107, direktor Instituta za razvoj i inovacije (IRI), naglasio je da su kroz projekat uspostavljena dva poslovna inkubatora.<\/p>\n<p>\u201eOvaj forum predstavlja zavr\u0161nicu projekta, omogu\u0107avaju\u0107i dalju razmjenu znanja i kreiranje novih dugoro\u010dnih planova za saradnju izme\u0111u Br\u010dkog i Loznice, ali i za \u0161iru saradnju. Mladi u Loznici su po prvi put dobili priliku da imaju instituciju, mjesto i podr\u0161ku gdje mogu da razmjenjuju iskustva sa svojim partnerima,\u201c rekao je Jevtovi\u0107.<\/p>\n<p><img decoding=\"async\" class=\"alignnone size-medium wp-image-10089 lazyload\" data-src=\"https:\/\/srb-bih.org\/wp-content\/uploads\/2024\/12\/470911120_17917602540033407_7109013641142949983_n-300x201.jpg\" alt=\"\" width=\"300\" height=\"201\" data-srcset=\"https:\/\/srb-bih.org\/wp-content\/uploads\/2024\/12\/470911120_17917602540033407_7109013641142949983_n-300x201.jpg 300w, https:\/\/srb-bih.org\/wp-content\/uploads\/2024\/12\/470911120_17917602540033407_7109013641142949983_n-450x301.jpg 450w, https:\/\/srb-bih.org\/wp-content\/uploads\/2024\/12\/470911120_17917602540033407_7109013641142949983_n.jpg 591w\" data-sizes=\"(max-width: 300px) 100vw, 300px\" src=\"data:image\/svg+xml;base64,PHN2ZyB3aWR0aD0iMSIgaGVpZ2h0PSIxIiB4bWxucz0iaHR0cDovL3d3dy53My5vcmcvMjAwMC9zdmciPjwvc3ZnPg==\" style=\"--smush-placeholder-width: 300px; --smush-placeholder-aspect-ratio: 300\/201;\" \/> <img decoding=\"async\" class=\"alignnone size-medium wp-image-10088 lazyload\" data-src=\"https:\/\/srb-bih.org\/wp-content\/uploads\/2024\/12\/470910979_17917602549033407_3139380380758054646_n-300x200.jpg\" alt=\"\" width=\"300\" height=\"200\" data-srcset=\"https:\/\/srb-bih.org\/wp-content\/uploads\/2024\/12\/470910979_17917602549033407_3139380380758054646_n-300x200.jpg 300w, https:\/\/srb-bih.org\/wp-content\/uploads\/2024\/12\/470910979_17917602549033407_3139380380758054646_n-768x513.jpg 768w, https:\/\/srb-bih.org\/wp-content\/uploads\/2024\/12\/470910979_17917602549033407_3139380380758054646_n-705x471.jpg 705w, https:\/\/srb-bih.org\/wp-content\/uploads\/2024\/12\/470910979_17917602549033407_3139380380758054646_n-450x301.jpg 450w, https:\/\/srb-bih.org\/wp-content\/uploads\/2024\/12\/470910979_17917602549033407_3139380380758054646_n.jpg 801w\" data-sizes=\"(max-width: 300px) 100vw, 300px\" src=\"data:image\/svg+xml;base64,PHN2ZyB3aWR0aD0iMSIgaGVpZ2h0PSIxIiB4bWxucz0iaHR0cDovL3d3dy53My5vcmcvMjAwMC9zdmciPjwvc3ZnPg==\" style=\"--smush-placeholder-width: 300px; --smush-placeholder-aspect-ratio: 300\/200;\" \/> <img decoding=\"async\" class=\"alignnone size-medium wp-image-10087 lazyload\" data-src=\"https:\/\/srb-bih.org\/wp-content\/uploads\/2024\/12\/470901269_17917602507033407_7514068630586677485_n-300x202.jpg\" alt=\"\" width=\"300\" height=\"202\" data-srcset=\"https:\/\/srb-bih.org\/wp-content\/uploads\/2024\/12\/470901269_17917602507033407_7514068630586677485_n-300x202.jpg 300w, https:\/\/srb-bih.org\/wp-content\/uploads\/2024\/12\/470901269_17917602507033407_7514068630586677485_n-768x516.jpg 768w, https:\/\/srb-bih.org\/wp-content\/uploads\/2024\/12\/470901269_17917602507033407_7514068630586677485_n-705x474.jpg 705w, https:\/\/srb-bih.org\/wp-content\/uploads\/2024\/12\/470901269_17917602507033407_7514068630586677485_n-450x302.jpg 450w, https:\/\/srb-bih.org\/wp-content\/uploads\/2024\/12\/470901269_17917602507033407_7514068630586677485_n.jpg 1200w\" data-sizes=\"(max-width: 300px) 100vw, 300px\" src=\"data:image\/svg+xml;base64,PHN2ZyB3aWR0aD0iMSIgaGVpZ2h0PSIxIiB4bWxucz0iaHR0cDovL3d3dy53My5vcmcvMjAwMC9zdmciPjwvc3ZnPg==\" style=\"--smush-placeholder-width: 300px; --smush-placeholder-aspect-ratio: 300\/202;\" \/> <img decoding=\"async\" class=\"alignnone size-medium wp-image-10086 lazyload\" data-src=\"https:\/\/srb-bih.org\/wp-content\/uploads\/2024\/12\/470894504_17917602534033407_7508427164304541096_n-300x200.jpg\" alt=\"\" width=\"300\" height=\"200\" data-srcset=\"https:\/\/srb-bih.org\/wp-content\/uploads\/2024\/12\/470894504_17917602534033407_7508427164304541096_n-300x200.jpg 300w, https:\/\/srb-bih.org\/wp-content\/uploads\/2024\/12\/470894504_17917602534033407_7508427164304541096_n-768x513.jpg 768w, https:\/\/srb-bih.org\/wp-content\/uploads\/2024\/12\/470894504_17917602534033407_7508427164304541096_n-705x471.jpg 705w, https:\/\/srb-bih.org\/wp-content\/uploads\/2024\/12\/470894504_17917602534033407_7508427164304541096_n-450x301.jpg 450w, https:\/\/srb-bih.org\/wp-content\/uploads\/2024\/12\/470894504_17917602534033407_7508427164304541096_n.jpg 801w\" data-sizes=\"(max-width: 300px) 100vw, 300px\" src=\"data:image\/svg+xml;base64,PHN2ZyB3aWR0aD0iMSIgaGVpZ2h0PSIxIiB4bWxucz0iaHR0cDovL3d3dy53My5vcmcvMjAwMC9zdmciPjwvc3ZnPg==\" style=\"--smush-placeholder-width: 300px; --smush-placeholder-aspect-ratio: 300\/200;\" \/><\/p>","protected":false},"excerpt":{"rendered":"<p>Prvi prekograni\u010dni startap biznis forum projekta NESESER&nbsp; odr\u017ean je 16. i 17. decembra 2024. godine u Omladinskom centru Br\u010dko distrikta. Forum je okupio vrhunske stru\u010dnjake, preduzetnike, predstavnike izvr\u0161ne i zakonodavne vlasti, civilnog sektora, privrednike i brojne gra\u0111ane. Forum je otvorio gradona\u010delnik Br\u010dko distrikta BiH, gospodin Sini\u0161a Mili\u0107, koji je istakao va\u017enost ja\u010danja preduzetni\u010dkog duha, s [&hellip;]<\/p>\n","protected":false},"author":7,"featured_media":10089,"comment_status":"closed","ping_status":"closed","sticky":false,"template":"","format":"standard","meta":{"ngg_post_thumbnail":0,"footnotes":"","_links_to":"","_links_to_target":""},"categories":[56,57,3],"tags":[],"class_list":["post-10081","post","type-post","status-publish","format-standard","has-post-thumbnail","hentry","category-events","category-newss","category-news"],"yoast_head":"<!-- This site is optimized with the Yoast SEO plugin v25.6 - https:\/\/yoast.com\/wordpress\/plugins\/seo\/ -->\n<title>Odr\u017ean Prvi prekograni\u010dni startap biznis forum projekta NESESER - Cross-border Programme<\/title>\n<meta name=\"robots\" content=\"index, follow, max-snippet:-1, max-image-preview:large, max-video-preview:-1\" \/>\n<link rel=\"canonical\" href=\"https:\/\/srb-bih.org\/ba\/first-cross-border-startup-business-forum-held-as-part-of-the-project-neseser\/\" \/>\n<meta property=\"og:locale\" content=\"sr_RS\" \/>\n<meta property=\"og:type\" content=\"article\" \/>\n<meta property=\"og:title\" content=\"Odr\u017ean Prvi prekograni\u010dni startap biznis forum projekta NESESER - Cross-border Programme\" \/>\n<meta property=\"og:description\" content=\"Prvi prekograni\u010dni startap biznis forum projekta NESESER&nbsp; odr\u017ean je 16. i 17. decembra 2024. godine u Omladinskom centru Br\u010dko distrikta. Forum je okupio vrhunske stru\u010dnjake, preduzetnike, predstavnike izvr\u0161ne i zakonodavne vlasti, civilnog sektora, privrednike i brojne gra\u0111ane. Forum je otvorio gradona\u010delnik Br\u010dko distrikta BiH, gospodin Sini\u0161a Mili\u0107, koji je istakao va\u017enost ja\u010danja preduzetni\u010dkog duha, s [&hellip;]\" \/>\n<meta property=\"og:url\" content=\"https:\/\/srb-bih.org\/ba\/first-cross-border-startup-business-forum-held-as-part-of-the-project-neseser\/\" \/>\n<meta property=\"og:site_name\" content=\"Cross-border Programme\" \/>\n<meta property=\"article:published_time\" content=\"2024-12-30T08:00:05+00:00\" \/>\n<meta property=\"article:modified_time\" content=\"2024-12-30T08:08:38+00:00\" \/>\n<meta property=\"og:image\" content=\"https:\/\/srb-bih.org\/wp-content\/uploads\/2024\/12\/470911120_17917602540033407_7109013641142949983_n.jpg\" \/>\n\t<meta property=\"og:image:width\" content=\"591\" \/>\n\t<meta property=\"og:image:height\" content=\"395\" \/>\n\t<meta property=\"og:image:type\" content=\"image\/jpeg\" \/>\n<meta name=\"author\" content=\"Irena Markovic\" \/>\n<meta name=\"twitter:card\" content=\"summary_large_image\" \/>\n<meta name=\"twitter:label1\" content=\"\u041d\u0430\u043f\u0438\u0441\u0430\u043d\u043e \u043e\u0434\" \/>\n\t<meta name=\"twitter:data1\" content=\"Irena Markovic\" \/>\n\t<meta name=\"twitter:label2\" content=\"\u041f\u0440\u043e\u0446\u0435\u045a\u0435\u043d\u043e \u0432\u0440\u0435\u043c\u0435 \u0447\u0438\u0442\u0430\u045a\u0430\" \/>\n\t<meta name=\"twitter:data2\" content=\"4 \u043c\u0438\u043d\u0443\u0442\u0430\" \/>\n<script type=\"application\/ld+json\" class=\"yoast-schema-graph\">{\"@context\":\"https:\/\/schema.org\",\"@graph\":[{\"@type\":\"WebPage\",\"@id\":\"https:\/\/srb-bih.org\/ba\/first-cross-border-startup-business-forum-held-as-part-of-the-project-neseser\/\",\"url\":\"https:\/\/srb-bih.org\/ba\/first-cross-border-startup-business-forum-held-as-part-of-the-project-neseser\/\",\"name\":\"[:en]First Cross-Border Startup Business Forum Held as Part of the Project NESESER[:sr]Odr\u017ean Prvi prekograni\u010dni startap biznis forum projekta NESESER[:ba]Odr\u017ean Prvi prekograni\u010dni startap biznis forum projekta NESESER[:] - Cross-border Programme\",\"isPartOf\":{\"@id\":\"https:\/\/srb-bih.org\/en\/#website\"},\"primaryImageOfPage\":{\"@id\":\"https:\/\/srb-bih.org\/ba\/first-cross-border-startup-business-forum-held-as-part-of-the-project-neseser\/#primaryimage\"},\"image\":{\"@id\":\"https:\/\/srb-bih.org\/ba\/first-cross-border-startup-business-forum-held-as-part-of-the-project-neseser\/#primaryimage\"},\"thumbnailUrl\":\"https:\/\/srb-bih.org\/wp-content\/uploads\/2024\/12\/470911120_17917602540033407_7109013641142949983_n.jpg\",\"datePublished\":\"2024-12-30T08:00:05+00:00\",\"dateModified\":\"2024-12-30T08:08:38+00:00\",\"author\":{\"@id\":\"https:\/\/srb-bih.org\/en\/#\/schema\/person\/be15b1ae9a749a047f9349c349a3239f\"},\"breadcrumb\":{\"@id\":\"https:\/\/srb-bih.org\/ba\/first-cross-border-startup-business-forum-held-as-part-of-the-project-neseser\/#breadcrumb\"},\"inLanguage\":\"sr-RS\",\"potentialAction\":[{\"@type\":\"ReadAction\",\"target\":[\"https:\/\/srb-bih.org\/ba\/first-cross-border-startup-business-forum-held-as-part-of-the-project-neseser\/\"]}]},{\"@type\":\"ImageObject\",\"inLanguage\":\"sr-RS\",\"@id\":\"https:\/\/srb-bih.org\/ba\/first-cross-border-startup-business-forum-held-as-part-of-the-project-neseser\/#primaryimage\",\"url\":\"https:\/\/srb-bih.org\/wp-content\/uploads\/2024\/12\/470911120_17917602540033407_7109013641142949983_n.jpg\",\"contentUrl\":\"https:\/\/srb-bih.org\/wp-content\/uploads\/2024\/12\/470911120_17917602540033407_7109013641142949983_n.jpg\",\"width\":591,\"height\":395},{\"@type\":\"BreadcrumbList\",\"@id\":\"https:\/\/srb-bih.org\/ba\/first-cross-border-startup-business-forum-held-as-part-of-the-project-neseser\/#breadcrumb\",\"itemListElement\":[{\"@type\":\"ListItem\",\"position\":1,\"name\":\"Home\",\"item\":\"https:\/\/srb-bih.org\/\"},{\"@type\":\"ListItem\",\"position\":2,\"name\":\"Odr\u017ean Prvi prekograni\u010dni startap biznis forum projekta NESESER\"}]},{\"@type\":\"WebSite\",\"@id\":\"https:\/\/srb-bih.org\/en\/#website\",\"url\":\"https:\/\/srb-bih.org\/en\/\",\"name\":\"Cross-border Programme\",\"description\":\"Common Ideas for a Better Future\",\"potentialAction\":[{\"@type\":\"SearchAction\",\"target\":{\"@type\":\"EntryPoint\",\"urlTemplate\":\"https:\/\/srb-bih.org\/en\/?s={search_term_string}\"},\"query-input\":{\"@type\":\"PropertyValueSpecification\",\"valueRequired\":true,\"valueName\":\"search_term_string\"}}],\"inLanguage\":\"sr-RS\"},{\"@type\":\"Person\",\"@id\":\"https:\/\/srb-bih.org\/en\/#\/schema\/person\/be15b1ae9a749a047f9349c349a3239f\",\"name\":\"Irena Markovic\",\"url\":\"https:\/\/srb-bih.org\/sr\/author\/irena-markovic\/\"}]}<\/script>\n<!-- \/ Yoast SEO plugin. -->","yoast_head_json":{"title":"Odr\u017ean Prvi prekograni\u010dni startap biznis forum projekta NESESER - Cross-border Programme","robots":{"index":"index","follow":"follow","max-snippet":"max-snippet:-1","max-image-preview":"max-image-preview:large","max-video-preview":"max-video-preview:-1"},"canonical":"https:\/\/srb-bih.org\/ba\/first-cross-border-startup-business-forum-held-as-part-of-the-project-neseser\/","og_locale":"sr_RS","og_type":"article","og_title":"Odr\u017ean Prvi prekograni\u010dni startap biznis forum projekta NESESER - Cross-border Programme","og_description":"Prvi prekograni\u010dni startap biznis forum projekta NESESER&nbsp; odr\u017ean je 16. i 17. decembra 2024. godine u Omladinskom centru Br\u010dko distrikta. Forum je okupio vrhunske stru\u010dnjake, preduzetnike, predstavnike izvr\u0161ne i zakonodavne vlasti, civilnog sektora, privrednike i brojne gra\u0111ane. Forum je otvorio gradona\u010delnik Br\u010dko distrikta BiH, gospodin Sini\u0161a Mili\u0107, koji je istakao va\u017enost ja\u010danja preduzetni\u010dkog duha, s [&hellip;]","og_url":"https:\/\/srb-bih.org\/ba\/first-cross-border-startup-business-forum-held-as-part-of-the-project-neseser\/","og_site_name":"Cross-border Programme","article_published_time":"2024-12-30T08:00:05+00:00","article_modified_time":"2024-12-30T08:08:38+00:00","og_image":[{"width":591,"height":395,"url":"https:\/\/srb-bih.org\/wp-content\/uploads\/2024\/12\/470911120_17917602540033407_7109013641142949983_n.jpg","type":"image\/jpeg"}],"author":"Irena Markovic","twitter_card":"summary_large_image","twitter_misc":{"\u041d\u0430\u043f\u0438\u0441\u0430\u043d\u043e \u043e\u0434":"Irena Markovic","\u041f\u0440\u043e\u0446\u0435\u045a\u0435\u043d\u043e \u0432\u0440\u0435\u043c\u0435 \u0447\u0438\u0442\u0430\u045a\u0430":"4 \u043c\u0438\u043d\u0443\u0442\u0430"},"schema":{"@context":"https:\/\/schema.org","@graph":[{"@type":"WebPage","@id":"https:\/\/srb-bih.org\/ba\/first-cross-border-startup-business-forum-held-as-part-of-the-project-neseser\/","url":"https:\/\/srb-bih.org\/ba\/first-cross-border-startup-business-forum-held-as-part-of-the-project-neseser\/","name":"[:en]First Cross-Border Startup Business Forum Held as Part of the Project NESESER[:sr]Odr\u017ean Prvi prekograni\u010dni startap biznis forum projekta NESESER[:ba]Odr\u017ean Prvi prekograni\u010dni startap biznis forum projekta NESESER[:] - Cross-border Programme","isPartOf":{"@id":"https:\/\/srb-bih.org\/en\/#website"},"primaryImageOfPage":{"@id":"https:\/\/srb-bih.org\/ba\/first-cross-border-startup-business-forum-held-as-part-of-the-project-neseser\/#primaryimage"},"image":{"@id":"https:\/\/srb-bih.org\/ba\/first-cross-border-startup-business-forum-held-as-part-of-the-project-neseser\/#primaryimage"},"thumbnailUrl":"https:\/\/srb-bih.org\/wp-content\/uploads\/2024\/12\/470911120_17917602540033407_7109013641142949983_n.jpg","datePublished":"2024-12-30T08:00:05+00:00","dateModified":"2024-12-30T08:08:38+00:00","author":{"@id":"https:\/\/srb-bih.org\/en\/#\/schema\/person\/be15b1ae9a749a047f9349c349a3239f"},"breadcrumb":{"@id":"https:\/\/srb-bih.org\/ba\/first-cross-border-startup-business-forum-held-as-part-of-the-project-neseser\/#breadcrumb"},"inLanguage":"sr-RS","potentialAction":[{"@type":"ReadAction","target":["https:\/\/srb-bih.org\/ba\/first-cross-border-startup-business-forum-held-as-part-of-the-project-neseser\/"]}]},{"@type":"ImageObject","inLanguage":"sr-RS","@id":"https:\/\/srb-bih.org\/ba\/first-cross-border-startup-business-forum-held-as-part-of-the-project-neseser\/#primaryimage","url":"https:\/\/srb-bih.org\/wp-content\/uploads\/2024\/12\/470911120_17917602540033407_7109013641142949983_n.jpg","contentUrl":"https:\/\/srb-bih.org\/wp-content\/uploads\/2024\/12\/470911120_17917602540033407_7109013641142949983_n.jpg","width":591,"height":395},{"@type":"BreadcrumbList","@id":"https:\/\/srb-bih.org\/ba\/first-cross-border-startup-business-forum-held-as-part-of-the-project-neseser\/#breadcrumb","itemListElement":[{"@type":"ListItem","position":1,"name":"Home","item":"https:\/\/srb-bih.org\/"},{"@type":"ListItem","position":2,"name":"Odr\u017ean Prvi prekograni\u010dni startap biznis forum projekta NESESER"}]},{"@type":"WebSite","@id":"https:\/\/srb-bih.org\/en\/#website","url":"https:\/\/srb-bih.org\/en\/","name":"Cross-border Programme","description":"Common Ideas for a Better Future","potentialAction":[{"@type":"SearchAction","target":{"@type":"EntryPoint","urlTemplate":"https:\/\/srb-bih.org\/en\/?s={search_term_string}"},"query-input":{"@type":"PropertyValueSpecification","valueRequired":true,"valueName":"search_term_string"}}],"inLanguage":"sr-RS"},{"@type":"Person","@id":"https:\/\/srb-bih.org\/en\/#\/schema\/person\/be15b1ae9a749a047f9349c349a3239f","name":"Irena Markovic","url":"https:\/\/srb-bih.org\/sr\/author\/irena-markovic\/"}]}},"_links":{"self":[{"href":"https:\/\/srb-bih.org\/sr\/wp-json\/wp\/v2\/posts\/10081","targetHints":{"allow":["GET"]}}],"collection":[{"href":"https:\/\/srb-bih.org\/sr\/wp-json\/wp\/v2\/posts"}],"about":[{"href":"https:\/\/srb-bih.org\/sr\/wp-json\/wp\/v2\/types\/post"}],"author":[{"embeddable":true,"href":"https:\/\/srb-bih.org\/sr\/wp-json\/wp\/v2\/users\/7"}],"replies":[{"embeddable":true,"href":"https:\/\/srb-bih.org\/sr\/wp-json\/wp\/v2\/comments?post=10081"}],"version-history":[{"count":8,"href":"https:\/\/srb-bih.org\/sr\/wp-json\/wp\/v2\/posts\/10081\/revisions"}],"predecessor-version":[{"id":10093,"href":"https:\/\/srb-bih.org\/sr\/wp-json\/wp\/v2\/posts\/10081\/revisions\/10093"}],"wp:featuredmedia":[{"embeddable":true,"href":"https:\/\/srb-bih.org\/sr\/wp-json\/wp\/v2\/media\/10089"}],"wp:attachment":[{"href":"https:\/\/srb-bih.org\/sr\/wp-json\/wp\/v2\/media?parent=10081"}],"wp:term":[{"taxonomy":"category","embeddable":true,"href":"https:\/\/srb-bih.org\/sr\/wp-json\/wp\/v2\/categories?post=10081"},{"taxonomy":"post_tag","embeddable":true,"href":"https:\/\/srb-bih.org\/sr\/wp-json\/wp\/v2\/tags?post=10081"}],"curies":[{"name":"wp","href":"https:\/\/api.w.org\/{rel}","templated":true}]}}