{"id":6797,"date":"2019-09-09T14:24:28","date_gmt":"2019-09-09T12:24:28","guid":{"rendered":"https:\/\/srb-bih.org\/?p=6797"},"modified":"2019-09-09T14:27:30","modified_gmt":"2019-09-09T12:27:30","slug":"final-demonstration-exercise-of-civil-protection-units-of-uzice-visegrad-and-bajina-basta-was-held","status":"publish","type":"post","link":"https:\/\/srb-bih.org\/en\/final-demonstration-exercise-of-civil-protection-units-of-uzice-visegrad-and-bajina-basta-was-held\/","title":{"rendered":"Final demonstration exercise of civil protection units of Uzice, Visegrad and Bajina Basta was held in Mokra Gora"},"content":{"rendered":"<p>Implementation of the project &#8220;Flood defense system in the border area Serbia-Bosnia and Herzegovina&#8221;, which is implemented under the IPA I Cross-border Program Serbia-Bosnia and Herzegovina 2007-2013 enters in the final phase. During this phase the final demonstration exercise of civil protection units took place on August 30, 2019 in Mokra Gora.<\/p>\n<p>Civil protection units of Uzice, Bajina Basta and Visegrad, held a final demonstration exercise. Civil protection units were formed in the endangered area from torrential floods in cooperation with the Uzice Fire Department and the Uzice Red Cross Rescue Unit.<\/p>\n<p>The exercise consists of extinguishing coastal fires, building a dam in Rzav River with sandbags and rescuing the citizens from the torrential flooding area and rescuing people from the debris.<\/p>\n<p>Trained units searched river and provided transport to civilian protection teams who searched the terrain in the coastal area to located endangered people. Transport was provided to endangered people to the position where the Red Cross team provided first aid.<\/p>\n<p>Also the manual was created as a result of conducted trainings,&nbsp; in addition, flyer &#8220;Prepare for torrential floods &#8211; tips for citizens&#8221;&nbsp; was printed and will be distributed to the citizen.<\/p>","protected":false},"excerpt":{"rendered":"<p>Implementation of the project &#8220;Flood defense system in the border area Serbia-Bosnia and Herzegovina&#8221;, which is implemented under the IPA I Cross-border Program Serbia-Bosnia and Herzegovina 2007-2013 enters in the final phase. During this phase the final demonstration exercise of civil protection units took place on August 30, 2019 in Mokra Gora. Civil protection units [&hellip;]<\/p>\n","protected":false},"author":7,"featured_media":6798,"comment_status":"closed","ping_status":"closed","sticky":false,"template":"","format":"standard","meta":{"ngg_post_thumbnail":0,"footnotes":"","_links_to":"","_links_to_target":""},"categories":[56,3],"tags":[],"class_list":["post-6797","post","type-post","status-publish","format-standard","has-post-thumbnail","hentry","category-events","category-news"],"yoast_head":"<!-- This site is optimized with the Yoast SEO plugin v25.6 - https:\/\/yoast.com\/wordpress\/plugins\/seo\/ -->\n<title>Final demonstration exercise of civil protection units of Uzice, Visegrad and Bajina Basta was held in Mokra Gora - Cross-border Programme<\/title>\n<meta name=\"robots\" content=\"index, follow, max-snippet:-1, max-image-preview:large, max-video-preview:-1\" \/>\n<link rel=\"canonical\" href=\"https:\/\/srb-bih.org\/en\/final-demonstration-exercise-of-civil-protection-units-of-uzice-visegrad-and-bajina-basta-was-held\/\" \/>\n<meta property=\"og:locale\" content=\"en_US\" \/>\n<meta property=\"og:type\" content=\"article\" \/>\n<meta property=\"og:title\" content=\"Final demonstration exercise of civil protection units of Uzice, Visegrad and Bajina Basta was held in Mokra Gora - Cross-border Programme\" \/>\n<meta property=\"og:description\" content=\"Implementation of the project &#8220;Flood defense system in the border area Serbia-Bosnia and Herzegovina&#8221;, which is implemented under the IPA I Cross-border Program Serbia-Bosnia and Herzegovina 2007-2013 enters in the final phase. During this phase the final demonstration exercise of civil protection units took place on August 30, 2019 in Mokra Gora. Civil protection units [&hellip;]\" \/>\n<meta property=\"og:url\" content=\"https:\/\/srb-bih.org\/en\/final-demonstration-exercise-of-civil-protection-units-of-uzice-visegrad-and-bajina-basta-was-held\/\" \/>\n<meta property=\"og:site_name\" content=\"Cross-border Programme\" \/>\n<meta property=\"article:published_time\" content=\"2019-09-09T12:24:28+00:00\" \/>\n<meta property=\"article:modified_time\" content=\"2019-09-09T12:27:30+00:00\" \/>\n<meta property=\"og:image\" content=\"https:\/\/srb-bih.org\/wp-content\/uploads\/2019\/09\/ZLI_4164-768x512.jpg\" \/>\n\t<meta property=\"og:image:width\" content=\"768\" \/>\n\t<meta property=\"og:image:height\" content=\"512\" \/>\n\t<meta property=\"og:image:type\" content=\"image\/jpeg\" \/>\n<meta name=\"author\" content=\"Irena Markovic\" \/>\n<meta name=\"twitter:card\" content=\"summary_large_image\" \/>\n<meta name=\"twitter:label1\" content=\"Written by\" \/>\n\t<meta name=\"twitter:data1\" content=\"Irena Markovic\" \/>\n\t<meta name=\"twitter:label2\" content=\"Est. reading time\" \/>\n\t<meta name=\"twitter:data2\" content=\"2 minutes\" \/>\n<script type=\"application\/ld+json\" class=\"yoast-schema-graph\">{\"@context\":\"https:\/\/schema.org\",\"@graph\":[{\"@type\":\"WebPage\",\"@id\":\"https:\/\/srb-bih.org\/en\/final-demonstration-exercise-of-civil-protection-units-of-uzice-visegrad-and-bajina-basta-was-held\/\",\"url\":\"https:\/\/srb-bih.org\/en\/final-demonstration-exercise-of-civil-protection-units-of-uzice-visegrad-and-bajina-basta-was-held\/\",\"name\":\"[:en]Final demonstration exercise of civil protection units of Uzice, Visegrad and Bajina Basta was held in Mokra Gora[:sr]\u041e\u0434\u0440\u0436\u0430\u043d\u0430 \u0437\u0430\u0432\u0440\u0448\u043d\u0430 \u043f\u043e\u043a\u0430\u0437\u043d\u0430 \u0432\u0435\u0436\u0431\u0430 \u0458\u0435\u0434\u0438\u043d\u0438\u0446\u0430 \u0446\u0438\u0432\u0438\u043b\u043d\u0435 \u0437\u0430\u0448\u0442\u0438\u0442\u0435 \u0423\u0436\u0438\u0446\u0430, \u0412\u0438\u0448\u0435\u0433\u0440\u0430\u0434\u0430 \u0438 \u0411\u0430\u0458\u0438\u043d\u0435 \u0411\u0430\u0448\u0442\u0435[:ba]Odr\u017eana zavr\u0161na pokazna vje\u017eba jedinica civilne za\u0161tite U\u017eica, Vi\u0161egrada i Bajine Ba\u0161te[:] - Cross-border Programme\",\"isPartOf\":{\"@id\":\"https:\/\/srb-bih.org\/en\/#website\"},\"primaryImageOfPage\":{\"@id\":\"https:\/\/srb-bih.org\/en\/final-demonstration-exercise-of-civil-protection-units-of-uzice-visegrad-and-bajina-basta-was-held\/#primaryimage\"},\"image\":{\"@id\":\"https:\/\/srb-bih.org\/en\/final-demonstration-exercise-of-civil-protection-units-of-uzice-visegrad-and-bajina-basta-was-held\/#primaryimage\"},\"thumbnailUrl\":\"https:\/\/srb-bih.org\/wp-content\/uploads\/2019\/09\/ZLI_4164-768x512.jpg\",\"datePublished\":\"2019-09-09T12:24:28+00:00\",\"dateModified\":\"2019-09-09T12:27:30+00:00\",\"author\":{\"@id\":\"https:\/\/srb-bih.org\/en\/#\/schema\/person\/be15b1ae9a749a047f9349c349a3239f\"},\"breadcrumb\":{\"@id\":\"https:\/\/srb-bih.org\/en\/final-demonstration-exercise-of-civil-protection-units-of-uzice-visegrad-and-bajina-basta-was-held\/#breadcrumb\"},\"inLanguage\":\"en-US\",\"potentialAction\":[{\"@type\":\"ReadAction\",\"target\":[\"https:\/\/srb-bih.org\/en\/final-demonstration-exercise-of-civil-protection-units-of-uzice-visegrad-and-bajina-basta-was-held\/\"]}]},{\"@type\":\"ImageObject\",\"inLanguage\":\"en-US\",\"@id\":\"https:\/\/srb-bih.org\/en\/final-demonstration-exercise-of-civil-protection-units-of-uzice-visegrad-and-bajina-basta-was-held\/#primaryimage\",\"url\":\"https:\/\/srb-bih.org\/wp-content\/uploads\/2019\/09\/ZLI_4164-768x512.jpg\",\"contentUrl\":\"https:\/\/srb-bih.org\/wp-content\/uploads\/2019\/09\/ZLI_4164-768x512.jpg\",\"width\":768,\"height\":512},{\"@type\":\"BreadcrumbList\",\"@id\":\"https:\/\/srb-bih.org\/en\/final-demonstration-exercise-of-civil-protection-units-of-uzice-visegrad-and-bajina-basta-was-held\/#breadcrumb\",\"itemListElement\":[{\"@type\":\"ListItem\",\"position\":1,\"name\":\"Home\",\"item\":\"https:\/\/srb-bih.org\/\"},{\"@type\":\"ListItem\",\"position\":2,\"name\":\"Final demonstration exercise of civil protection units of Uzice, Visegrad and Bajina Basta was held in Mokra Gora\"}]},{\"@type\":\"WebSite\",\"@id\":\"https:\/\/srb-bih.org\/en\/#website\",\"url\":\"https:\/\/srb-bih.org\/en\/\",\"name\":\"Cross-border Programme\",\"description\":\"Common Ideas for a Better Future\",\"potentialAction\":[{\"@type\":\"SearchAction\",\"target\":{\"@type\":\"EntryPoint\",\"urlTemplate\":\"https:\/\/srb-bih.org\/en\/?s={search_term_string}\"},\"query-input\":{\"@type\":\"PropertyValueSpecification\",\"valueRequired\":true,\"valueName\":\"search_term_string\"}}],\"inLanguage\":\"en-US\"},{\"@type\":\"Person\",\"@id\":\"https:\/\/srb-bih.org\/en\/#\/schema\/person\/be15b1ae9a749a047f9349c349a3239f\",\"name\":\"Irena Markovic\",\"url\":\"https:\/\/srb-bih.org\/en\/author\/irena-markovic\/\"}]}<\/script>\n<!-- \/ Yoast SEO plugin. -->","yoast_head_json":{"title":"Final demonstration exercise of civil protection units of Uzice, Visegrad and Bajina Basta was held in Mokra Gora - Cross-border Programme","robots":{"index":"index","follow":"follow","max-snippet":"max-snippet:-1","max-image-preview":"max-image-preview:large","max-video-preview":"max-video-preview:-1"},"canonical":"https:\/\/srb-bih.org\/en\/final-demonstration-exercise-of-civil-protection-units-of-uzice-visegrad-and-bajina-basta-was-held\/","og_locale":"en_US","og_type":"article","og_title":"Final demonstration exercise of civil protection units of Uzice, Visegrad and Bajina Basta was held in Mokra Gora - Cross-border Programme","og_description":"Implementation of the project &#8220;Flood defense system in the border area Serbia-Bosnia and Herzegovina&#8221;, which is implemented under the IPA I Cross-border Program Serbia-Bosnia and Herzegovina 2007-2013 enters in the final phase. During this phase the final demonstration exercise of civil protection units took place on August 30, 2019 in Mokra Gora. Civil protection units [&hellip;]","og_url":"https:\/\/srb-bih.org\/en\/final-demonstration-exercise-of-civil-protection-units-of-uzice-visegrad-and-bajina-basta-was-held\/","og_site_name":"Cross-border Programme","article_published_time":"2019-09-09T12:24:28+00:00","article_modified_time":"2019-09-09T12:27:30+00:00","og_image":[{"width":768,"height":512,"url":"https:\/\/srb-bih.org\/wp-content\/uploads\/2019\/09\/ZLI_4164-768x512.jpg","type":"image\/jpeg"}],"author":"Irena Markovic","twitter_card":"summary_large_image","twitter_misc":{"Written by":"Irena Markovic","Est. reading time":"2 minutes"},"schema":{"@context":"https:\/\/schema.org","@graph":[{"@type":"WebPage","@id":"https:\/\/srb-bih.org\/en\/final-demonstration-exercise-of-civil-protection-units-of-uzice-visegrad-and-bajina-basta-was-held\/","url":"https:\/\/srb-bih.org\/en\/final-demonstration-exercise-of-civil-protection-units-of-uzice-visegrad-and-bajina-basta-was-held\/","name":"[:en]Final demonstration exercise of civil protection units of Uzice, Visegrad and Bajina Basta was held in Mokra Gora[:sr]\u041e\u0434\u0440\u0436\u0430\u043d\u0430 \u0437\u0430\u0432\u0440\u0448\u043d\u0430 \u043f\u043e\u043a\u0430\u0437\u043d\u0430 \u0432\u0435\u0436\u0431\u0430 \u0458\u0435\u0434\u0438\u043d\u0438\u0446\u0430 \u0446\u0438\u0432\u0438\u043b\u043d\u0435 \u0437\u0430\u0448\u0442\u0438\u0442\u0435 \u0423\u0436\u0438\u0446\u0430, \u0412\u0438\u0448\u0435\u0433\u0440\u0430\u0434\u0430 \u0438 \u0411\u0430\u0458\u0438\u043d\u0435 \u0411\u0430\u0448\u0442\u0435[:ba]Odr\u017eana zavr\u0161na pokazna vje\u017eba jedinica civilne za\u0161tite U\u017eica, Vi\u0161egrada i Bajine Ba\u0161te[:] - Cross-border Programme","isPartOf":{"@id":"https:\/\/srb-bih.org\/en\/#website"},"primaryImageOfPage":{"@id":"https:\/\/srb-bih.org\/en\/final-demonstration-exercise-of-civil-protection-units-of-uzice-visegrad-and-bajina-basta-was-held\/#primaryimage"},"image":{"@id":"https:\/\/srb-bih.org\/en\/final-demonstration-exercise-of-civil-protection-units-of-uzice-visegrad-and-bajina-basta-was-held\/#primaryimage"},"thumbnailUrl":"https:\/\/srb-bih.org\/wp-content\/uploads\/2019\/09\/ZLI_4164-768x512.jpg","datePublished":"2019-09-09T12:24:28+00:00","dateModified":"2019-09-09T12:27:30+00:00","author":{"@id":"https:\/\/srb-bih.org\/en\/#\/schema\/person\/be15b1ae9a749a047f9349c349a3239f"},"breadcrumb":{"@id":"https:\/\/srb-bih.org\/en\/final-demonstration-exercise-of-civil-protection-units-of-uzice-visegrad-and-bajina-basta-was-held\/#breadcrumb"},"inLanguage":"en-US","potentialAction":[{"@type":"ReadAction","target":["https:\/\/srb-bih.org\/en\/final-demonstration-exercise-of-civil-protection-units-of-uzice-visegrad-and-bajina-basta-was-held\/"]}]},{"@type":"ImageObject","inLanguage":"en-US","@id":"https:\/\/srb-bih.org\/en\/final-demonstration-exercise-of-civil-protection-units-of-uzice-visegrad-and-bajina-basta-was-held\/#primaryimage","url":"https:\/\/srb-bih.org\/wp-content\/uploads\/2019\/09\/ZLI_4164-768x512.jpg","contentUrl":"https:\/\/srb-bih.org\/wp-content\/uploads\/2019\/09\/ZLI_4164-768x512.jpg","width":768,"height":512},{"@type":"BreadcrumbList","@id":"https:\/\/srb-bih.org\/en\/final-demonstration-exercise-of-civil-protection-units-of-uzice-visegrad-and-bajina-basta-was-held\/#breadcrumb","itemListElement":[{"@type":"ListItem","position":1,"name":"Home","item":"https:\/\/srb-bih.org\/"},{"@type":"ListItem","position":2,"name":"Final demonstration exercise of civil protection units of Uzice, Visegrad and Bajina Basta was held in Mokra Gora"}]},{"@type":"WebSite","@id":"https:\/\/srb-bih.org\/en\/#website","url":"https:\/\/srb-bih.org\/en\/","name":"Cross-border Programme","description":"Common Ideas for a Better Future","potentialAction":[{"@type":"SearchAction","target":{"@type":"EntryPoint","urlTemplate":"https:\/\/srb-bih.org\/en\/?s={search_term_string}"},"query-input":{"@type":"PropertyValueSpecification","valueRequired":true,"valueName":"search_term_string"}}],"inLanguage":"en-US"},{"@type":"Person","@id":"https:\/\/srb-bih.org\/en\/#\/schema\/person\/be15b1ae9a749a047f9349c349a3239f","name":"Irena Markovic","url":"https:\/\/srb-bih.org\/en\/author\/irena-markovic\/"}]}},"_links":{"self":[{"href":"https:\/\/srb-bih.org\/en\/wp-json\/wp\/v2\/posts\/6797","targetHints":{"allow":["GET"]}}],"collection":[{"href":"https:\/\/srb-bih.org\/en\/wp-json\/wp\/v2\/posts"}],"about":[{"href":"https:\/\/srb-bih.org\/en\/wp-json\/wp\/v2\/types\/post"}],"author":[{"embeddable":true,"href":"https:\/\/srb-bih.org\/en\/wp-json\/wp\/v2\/users\/7"}],"replies":[{"embeddable":true,"href":"https:\/\/srb-bih.org\/en\/wp-json\/wp\/v2\/comments?post=6797"}],"version-history":[{"count":4,"href":"https:\/\/srb-bih.org\/en\/wp-json\/wp\/v2\/posts\/6797\/revisions"}],"predecessor-version":[{"id":6802,"href":"https:\/\/srb-bih.org\/en\/wp-json\/wp\/v2\/posts\/6797\/revisions\/6802"}],"wp:featuredmedia":[{"embeddable":true,"href":"https:\/\/srb-bih.org\/en\/wp-json\/wp\/v2\/media\/6798"}],"wp:attachment":[{"href":"https:\/\/srb-bih.org\/en\/wp-json\/wp\/v2\/media?parent=6797"}],"wp:term":[{"taxonomy":"category","embeddable":true,"href":"https:\/\/srb-bih.org\/en\/wp-json\/wp\/v2\/categories?post=6797"},{"taxonomy":"post_tag","embeddable":true,"href":"https:\/\/srb-bih.org\/en\/wp-json\/wp\/v2\/tags?post=6797"}],"curies":[{"name":"wp","href":"https:\/\/api.w.org\/{rel}","templated":true}]}}