{"id":3092,"date":"2015-04-22T15:37:48","date_gmt":"2015-04-22T13:37:48","guid":{"rendered":"http:\/\/srb-bih.org\/?p=3092"},"modified":"2017-09-28T09:05:41","modified_gmt":"2017-09-28T07:05:41","slug":"informativni-dani-za-3-poziv-za-prijavu-projektnih-predloga-najava-i-prijava","status":"publish","type":"post","link":"https:\/\/srb-bih.org\/en\/informativni-dani-za-3-poziv-za-prijavu-projektnih-predloga-najava-i-prijava\/","title":{"rendered":"Info Days for 3rd CfP  &#8211; Announcement and application"},"content":{"rendered":"<p>JTS in cooperation with the European Union Delegations to Serbia and Bosnia and Herzegovina and with the European Integration Office of the Government of the Republic of Serbia and Directorate for European Integration of Bosnia and Herzegovina is inviting you to attend on Info Days for 3rd CfP under Cross-border Programme Serbia \u2013 BiH 2007-2013. Info days will be organised according to following schedule<\/p>\n<p>.<\/p>\n<p>.<\/p>\n<div align=\"center\">\n<table width=\"458\" border=\"0\" cellspacing=\"0\" cellpadding=\"0\">\n<tbody>\n<tr>\n<td valign=\"top\" width=\"10%\"><b>Date<\/b><\/td>\n<td valign=\"top\" width=\"17%\"><b>Time<\/b><\/td>\n<td valign=\"top\" width=\"16%\"><b>City<\/b><\/td>\n<td valign=\"top\" width=\"30%\"><b>Address<\/b><\/td>\n<td width=\"24%\"><b>Agenda<\/b><\/td>\n<\/tr>\n<tr>\n<td width=\"10%\">29. 4. 2015<\/td>\n<td width=\"17%\">13:00-16:30<\/td>\n<td width=\"16%\">Belgrade SRB<\/td>\n<td width=\"30%\">Dom omladine Beograda, Makedonska 22\/IV<\/td>\n<td width=\"24%\"><a title=\"Agenda - Belgrade\" href=\"http:\/\/srb-bih.org\/wp-content\/uploads\/2015\/04\/Agenda-Beograd-Info-Session-29.04.2015-eng.pdf\" target=\"_blank\">Agenda &#8211; Belgrade<\/a><\/td>\n<\/tr>\n<tr>\n<td width=\"10%\">30. 4. 2015<\/td>\n<td width=\"17%\">10:30-14:00<\/td>\n<td width=\"16%\">Valjevo SRB<\/td>\n<td width=\"30%\">Sala skup\u0161tine op\u0161tine Valjevo <\/td>\n<td width=\"24%\"><a title=\"Agenda - Valjevo\" href=\"http:\/\/srb-bih.org\/wp-content\/uploads\/2015\/04\/Agenda-Valjevo-Info-Session-30.04.2015eng.pdf\" target=\"_blank\">Agenda &#8211; Valjevo<\/a><\/td>\n<\/tr>\n<tr>\n<td width=\"10%\">5. 5. 2015<\/td>\n<td width=\"17%\">11:00-14:30<\/td>\n<td width=\"16%\">Srebrenica BiH<\/td>\n<td width=\"30%\">Kulturni centar, Srebreni\u010dkog odreda bb<\/td>\n<td width=\"24%\"><a title=\"Agenda - Srebrenica\" href=\"http:\/\/srb-bih.org\/wp-content\/uploads\/2015\/04\/Draft-Agenda-Srebrenica-Info-Session-05.05.2015-eng.pdf\" target=\"_blank\">Agenda &#8211; Srebrenica<\/a><\/td>\n<\/tr>\n<tr>\n<td width=\"10%\">8. 5. 2015<\/td>\n<td width=\"17%\">10:30-14:00<\/td>\n<td width=\"16%\">\u0160abac SRB<\/td>\n<td width=\"30%\">Hotel Sloboda, Trg \u0160aba\u010dkih \u017ertava bb<\/td>\n<td width=\"24%\"><a title=\"Agenda  - \u0160abac\" href=\"http:\/\/srb-bih.org\/wp-content\/uploads\/2015\/04\/Agenda-Sabac-Info-Session-08.05.2015-eng.pdf\" target=\"_blank\">Agenda\u00a0 &#8211; \u0160abac<\/a><\/td>\n<\/tr>\n<tr>\n<td width=\"10%\">12. 5. 2015<\/td>\n<td width=\"17%\">11:00-14:30<\/td>\n<td width=\"16%\">Br?ko Distrikt BiH<\/td>\n<td width=\"30%\">Grand hotel Posavina, Trg Mladih 4<\/td>\n<td width=\"24%\"><a title=\"Agenda  -Br\u010dko Distrikt\" href=\"http:\/\/srb-bih.org\/wp-content\/uploads\/2015\/05\/Draft-Agenda-Brcko-Info-Session-12.05.2015-eng.pdf\" target=\"_blank\">Agenda\u00a0 -Br\u010dko Distrikt<\/a><\/td>\n<\/tr>\n<\/tbody>\n<\/table>\n<\/div>\n<p>In order to apply, please fill the form from programme web site by choosing only one location and send it to e-mail <a href=\"mailto:imarkovic@seio.gov.rs\">imarkovic@seio.gov.rs<\/a><\/p>\n<p>Registration Form can be found <a title=\"ovde\" href=\"http:\/\/srb-bih.org\/wp-content\/uploads\/2015\/05\/prijava-srb-bih.doc\" target=\"_blank\">here<\/a><\/p>","protected":false},"excerpt":{"rendered":"<p>JTS in cooperation with the European Union Delegations to Serbia and Bosnia and Herzegovina and with the European Integration Office of the Government of the Republic of Serbia and Directorate for European Integration of Bosnia and Herzegovina is inviting you to attend on Info Days for 3rd CfP under Cross-border Programme Serbia \u2013 BiH 2007-2013. [&hellip;]<\/p>\n","protected":false},"author":2,"featured_media":3079,"comment_status":"closed","ping_status":"closed","sticky":false,"template":"","format":"standard","meta":{"ngg_post_thumbnail":0,"footnotes":"","_links_to":"","_links_to_target":""},"categories":[3],"tags":[],"class_list":["post-3092","post","type-post","status-publish","format-standard","has-post-thumbnail","hentry","category-news"],"yoast_head":"<!-- This site is optimized with the Yoast SEO plugin v25.6 - https:\/\/yoast.com\/wordpress\/plugins\/seo\/ -->\n<title>Info Days for 3rd CfP - Announcement and application - Cross-border Programme<\/title>\n<meta name=\"robots\" content=\"index, follow, max-snippet:-1, max-image-preview:large, max-video-preview:-1\" \/>\n<link rel=\"canonical\" href=\"https:\/\/srb-bih.org\/en\/informativni-dani-za-3-poziv-za-prijavu-projektnih-predloga-najava-i-prijava\/\" \/>\n<meta property=\"og:locale\" content=\"en_US\" \/>\n<meta property=\"og:type\" content=\"article\" \/>\n<meta property=\"og:title\" content=\"Info Days for 3rd CfP - Announcement and application - Cross-border Programme\" \/>\n<meta property=\"og:description\" content=\"JTS in cooperation with the European Union Delegations to Serbia and Bosnia and Herzegovina and with the European Integration Office of the Government of the Republic of Serbia and Directorate for European Integration of Bosnia and Herzegovina is inviting you to attend on Info Days for 3rd CfP under Cross-border Programme Serbia \u2013 BiH 2007-2013. [&hellip;]\" \/>\n<meta property=\"og:url\" content=\"https:\/\/srb-bih.org\/en\/informativni-dani-za-3-poziv-za-prijavu-projektnih-predloga-najava-i-prijava\/\" \/>\n<meta property=\"og:site_name\" content=\"Cross-border Programme\" \/>\n<meta property=\"article:published_time\" content=\"2015-04-22T13:37:48+00:00\" \/>\n<meta property=\"article:modified_time\" content=\"2017-09-28T07:05:41+00:00\" \/>\n<meta property=\"og:image\" content=\"https:\/\/srb-bih.org\/wp-content\/uploads\/2015\/04\/Info-session_sr.bih_.jpg\" \/>\n\t<meta property=\"og:image:width\" content=\"220\" \/>\n\t<meta property=\"og:image:height\" content=\"220\" \/>\n\t<meta property=\"og:image:type\" content=\"image\/jpeg\" \/>\n<meta name=\"author\" content=\"Jelena Stojanov\" \/>\n<meta name=\"twitter:card\" content=\"summary_large_image\" \/>\n<meta name=\"twitter:label1\" content=\"Written by\" \/>\n\t<meta name=\"twitter:data1\" content=\"Jelena Stojanov\" \/>\n\t<meta name=\"twitter:label2\" content=\"Est. reading time\" \/>\n\t<meta name=\"twitter:data2\" content=\"3 minutes\" \/>\n<script type=\"application\/ld+json\" class=\"yoast-schema-graph\">{\"@context\":\"https:\/\/schema.org\",\"@graph\":[{\"@type\":\"WebPage\",\"@id\":\"https:\/\/srb-bih.org\/en\/informativni-dani-za-3-poziv-za-prijavu-projektnih-predloga-najava-i-prijava\/\",\"url\":\"https:\/\/srb-bih.org\/en\/informativni-dani-za-3-poziv-za-prijavu-projektnih-predloga-najava-i-prijava\/\",\"name\":\"[:sr]Informativni dani za 3. poziv za prijavu projektnih predloga - najava i prijava [:ba]Informativni dani za 3. poziv za prijavu projektnih prjedloga - najava i prijava [:en]Info Days for 3rd CfP - Announcement and application[:] - Cross-border Programme\",\"isPartOf\":{\"@id\":\"https:\/\/srb-bih.org\/en\/#website\"},\"primaryImageOfPage\":{\"@id\":\"https:\/\/srb-bih.org\/en\/informativni-dani-za-3-poziv-za-prijavu-projektnih-predloga-najava-i-prijava\/#primaryimage\"},\"image\":{\"@id\":\"https:\/\/srb-bih.org\/en\/informativni-dani-za-3-poziv-za-prijavu-projektnih-predloga-najava-i-prijava\/#primaryimage\"},\"thumbnailUrl\":\"https:\/\/srb-bih.org\/wp-content\/uploads\/2015\/04\/Info-session_sr.bih_.jpg\",\"datePublished\":\"2015-04-22T13:37:48+00:00\",\"dateModified\":\"2017-09-28T07:05:41+00:00\",\"author\":{\"@id\":\"https:\/\/srb-bih.org\/en\/#\/schema\/person\/d5b1789c2409f444914ec9a241e7a403\"},\"breadcrumb\":{\"@id\":\"https:\/\/srb-bih.org\/en\/informativni-dani-za-3-poziv-za-prijavu-projektnih-predloga-najava-i-prijava\/#breadcrumb\"},\"inLanguage\":\"en-US\",\"potentialAction\":[{\"@type\":\"ReadAction\",\"target\":[\"https:\/\/srb-bih.org\/en\/informativni-dani-za-3-poziv-za-prijavu-projektnih-predloga-najava-i-prijava\/\"]}]},{\"@type\":\"ImageObject\",\"inLanguage\":\"en-US\",\"@id\":\"https:\/\/srb-bih.org\/en\/informativni-dani-za-3-poziv-za-prijavu-projektnih-predloga-najava-i-prijava\/#primaryimage\",\"url\":\"https:\/\/srb-bih.org\/wp-content\/uploads\/2015\/04\/Info-session_sr.bih_.jpg\",\"contentUrl\":\"https:\/\/srb-bih.org\/wp-content\/uploads\/2015\/04\/Info-session_sr.bih_.jpg\",\"width\":220,\"height\":220},{\"@type\":\"BreadcrumbList\",\"@id\":\"https:\/\/srb-bih.org\/en\/informativni-dani-za-3-poziv-za-prijavu-projektnih-predloga-najava-i-prijava\/#breadcrumb\",\"itemListElement\":[{\"@type\":\"ListItem\",\"position\":1,\"name\":\"Home\",\"item\":\"https:\/\/srb-bih.org\/\"},{\"@type\":\"ListItem\",\"position\":2,\"name\":\"Info Days for 3rd CfP &#8211; Announcement and application\"}]},{\"@type\":\"WebSite\",\"@id\":\"https:\/\/srb-bih.org\/en\/#website\",\"url\":\"https:\/\/srb-bih.org\/en\/\",\"name\":\"Cross-border Programme\",\"description\":\"Common Ideas for a Better Future\",\"potentialAction\":[{\"@type\":\"SearchAction\",\"target\":{\"@type\":\"EntryPoint\",\"urlTemplate\":\"https:\/\/srb-bih.org\/en\/?s={search_term_string}\"},\"query-input\":{\"@type\":\"PropertyValueSpecification\",\"valueRequired\":true,\"valueName\":\"search_term_string\"}}],\"inLanguage\":\"en-US\"},{\"@type\":\"Person\",\"@id\":\"https:\/\/srb-bih.org\/en\/#\/schema\/person\/d5b1789c2409f444914ec9a241e7a403\",\"name\":\"Jelena Stojanov\",\"url\":\"https:\/\/srb-bih.org\/en\/author\/jela\/\"}]}<\/script>\n<!-- \/ Yoast SEO plugin. -->","yoast_head_json":{"title":"Info Days for 3rd CfP - Announcement and application - Cross-border Programme","robots":{"index":"index","follow":"follow","max-snippet":"max-snippet:-1","max-image-preview":"max-image-preview:large","max-video-preview":"max-video-preview:-1"},"canonical":"https:\/\/srb-bih.org\/en\/informativni-dani-za-3-poziv-za-prijavu-projektnih-predloga-najava-i-prijava\/","og_locale":"en_US","og_type":"article","og_title":"Info Days for 3rd CfP - Announcement and application - Cross-border Programme","og_description":"JTS in cooperation with the European Union Delegations to Serbia and Bosnia and Herzegovina and with the European Integration Office of the Government of the Republic of Serbia and Directorate for European Integration of Bosnia and Herzegovina is inviting you to attend on Info Days for 3rd CfP under Cross-border Programme Serbia \u2013 BiH 2007-2013. [&hellip;]","og_url":"https:\/\/srb-bih.org\/en\/informativni-dani-za-3-poziv-za-prijavu-projektnih-predloga-najava-i-prijava\/","og_site_name":"Cross-border Programme","article_published_time":"2015-04-22T13:37:48+00:00","article_modified_time":"2017-09-28T07:05:41+00:00","og_image":[{"width":220,"height":220,"url":"https:\/\/srb-bih.org\/wp-content\/uploads\/2015\/04\/Info-session_sr.bih_.jpg","type":"image\/jpeg"}],"author":"Jelena Stojanov","twitter_card":"summary_large_image","twitter_misc":{"Written by":"Jelena Stojanov","Est. reading time":"3 minutes"},"schema":{"@context":"https:\/\/schema.org","@graph":[{"@type":"WebPage","@id":"https:\/\/srb-bih.org\/en\/informativni-dani-za-3-poziv-za-prijavu-projektnih-predloga-najava-i-prijava\/","url":"https:\/\/srb-bih.org\/en\/informativni-dani-za-3-poziv-za-prijavu-projektnih-predloga-najava-i-prijava\/","name":"[:sr]Informativni dani za 3. poziv za prijavu projektnih predloga - najava i prijava [:ba]Informativni dani za 3. poziv za prijavu projektnih prjedloga - najava i prijava [:en]Info Days for 3rd CfP - Announcement and application[:] - Cross-border Programme","isPartOf":{"@id":"https:\/\/srb-bih.org\/en\/#website"},"primaryImageOfPage":{"@id":"https:\/\/srb-bih.org\/en\/informativni-dani-za-3-poziv-za-prijavu-projektnih-predloga-najava-i-prijava\/#primaryimage"},"image":{"@id":"https:\/\/srb-bih.org\/en\/informativni-dani-za-3-poziv-za-prijavu-projektnih-predloga-najava-i-prijava\/#primaryimage"},"thumbnailUrl":"https:\/\/srb-bih.org\/wp-content\/uploads\/2015\/04\/Info-session_sr.bih_.jpg","datePublished":"2015-04-22T13:37:48+00:00","dateModified":"2017-09-28T07:05:41+00:00","author":{"@id":"https:\/\/srb-bih.org\/en\/#\/schema\/person\/d5b1789c2409f444914ec9a241e7a403"},"breadcrumb":{"@id":"https:\/\/srb-bih.org\/en\/informativni-dani-za-3-poziv-za-prijavu-projektnih-predloga-najava-i-prijava\/#breadcrumb"},"inLanguage":"en-US","potentialAction":[{"@type":"ReadAction","target":["https:\/\/srb-bih.org\/en\/informativni-dani-za-3-poziv-za-prijavu-projektnih-predloga-najava-i-prijava\/"]}]},{"@type":"ImageObject","inLanguage":"en-US","@id":"https:\/\/srb-bih.org\/en\/informativni-dani-za-3-poziv-za-prijavu-projektnih-predloga-najava-i-prijava\/#primaryimage","url":"https:\/\/srb-bih.org\/wp-content\/uploads\/2015\/04\/Info-session_sr.bih_.jpg","contentUrl":"https:\/\/srb-bih.org\/wp-content\/uploads\/2015\/04\/Info-session_sr.bih_.jpg","width":220,"height":220},{"@type":"BreadcrumbList","@id":"https:\/\/srb-bih.org\/en\/informativni-dani-za-3-poziv-za-prijavu-projektnih-predloga-najava-i-prijava\/#breadcrumb","itemListElement":[{"@type":"ListItem","position":1,"name":"Home","item":"https:\/\/srb-bih.org\/"},{"@type":"ListItem","position":2,"name":"Info Days for 3rd CfP &#8211; Announcement and application"}]},{"@type":"WebSite","@id":"https:\/\/srb-bih.org\/en\/#website","url":"https:\/\/srb-bih.org\/en\/","name":"Cross-border Programme","description":"Common Ideas for a Better Future","potentialAction":[{"@type":"SearchAction","target":{"@type":"EntryPoint","urlTemplate":"https:\/\/srb-bih.org\/en\/?s={search_term_string}"},"query-input":{"@type":"PropertyValueSpecification","valueRequired":true,"valueName":"search_term_string"}}],"inLanguage":"en-US"},{"@type":"Person","@id":"https:\/\/srb-bih.org\/en\/#\/schema\/person\/d5b1789c2409f444914ec9a241e7a403","name":"Jelena Stojanov","url":"https:\/\/srb-bih.org\/en\/author\/jela\/"}]}},"_links":{"self":[{"href":"https:\/\/srb-bih.org\/en\/wp-json\/wp\/v2\/posts\/3092","targetHints":{"allow":["GET"]}}],"collection":[{"href":"https:\/\/srb-bih.org\/en\/wp-json\/wp\/v2\/posts"}],"about":[{"href":"https:\/\/srb-bih.org\/en\/wp-json\/wp\/v2\/types\/post"}],"author":[{"embeddable":true,"href":"https:\/\/srb-bih.org\/en\/wp-json\/wp\/v2\/users\/2"}],"replies":[{"embeddable":true,"href":"https:\/\/srb-bih.org\/en\/wp-json\/wp\/v2\/comments?post=3092"}],"version-history":[{"count":0,"href":"https:\/\/srb-bih.org\/en\/wp-json\/wp\/v2\/posts\/3092\/revisions"}],"wp:featuredmedia":[{"embeddable":true,"href":"https:\/\/srb-bih.org\/en\/wp-json\/wp\/v2\/media\/3079"}],"wp:attachment":[{"href":"https:\/\/srb-bih.org\/en\/wp-json\/wp\/v2\/media?parent=3092"}],"wp:term":[{"taxonomy":"category","embeddable":true,"href":"https:\/\/srb-bih.org\/en\/wp-json\/wp\/v2\/categories?post=3092"},{"taxonomy":"post_tag","embeddable":true,"href":"https:\/\/srb-bih.org\/en\/wp-json\/wp\/v2\/tags?post=3092"}],"curies":[{"name":"wp","href":"https:\/\/api.w.org\/{rel}","templated":true}]}}