{"id":10081,"date":"2024-12-30T10:00:05","date_gmt":"2024-12-30T08:00:05","guid":{"rendered":"https:\/\/srb-bih.org\/?p=10081"},"modified":"2024-12-30T10:08:38","modified_gmt":"2024-12-30T08:08:38","slug":"first-cross-border-startup-business-forum-held-as-part-of-the-project-neseser","status":"publish","type":"post","link":"https:\/\/srb-bih.org\/en\/first-cross-border-startup-business-forum-held-as-part-of-the-project-neseser\/","title":{"rendered":"First Cross-Border Startup Business Forum Held as Part of the Project NESESER"},"content":{"rendered":"<p><\/p>\n<p data-pm-slice=\"1 1 []\">The First Cross-Border Startup Business Forum of the project NESESER&nbsp; was held on December 16 and 17, 2024, at the Youth Center in Br\u010dko District. The event brought together top experts, entrepreneurs, representatives of executive and legislative authorities, the civil sector, business professionals, and numerous citizens.<\/p>\n<p>The forum was officially opened by the Mayor of Br\u010dko District, Mr. Sini\u0161a Mili\u0107, who emphasized the importance of fostering an entrepreneurial spirit with a special focus on empowering young people and women to lead startup projects.<\/p>\n<p>\u201cThis two-year project has paved the way for innovation and new business opportunities while strengthening cooperation between Br\u010dko District BiH and Loznica. Here in Br\u010dko, we already have considerable experience with self-employment projects, particularly in the fields of economy and agriculture. I believe the experiences shared at this Business Forum will significantly enhance our budget-funded programs,\u201d said Mili\u0107.<\/p>\n<p>Indira Levi\u0107 Muharemovi\u0107, Project Manager of NESESER, highlighted that one of the forum&#8217;s objectives was to summarize the results of the two-year initiative.<\/p>\n<p>\u201cThis project supported ten startup companies in Br\u010dko and ten in Loznica. While this is the final activity of the current project phase, it also marks the beginning of its continuation. Over the next two years, we will continue to support and collaborate with our entrepreneurs and startups,\u201d said Levi\u0107 Muharemovi\u0107.<\/p>\n<p>Nenad Jevtovi\u0107, Director of the Institute for Development and Innovation (IRI), noted that the project successfully established two business incubators.<\/p>\n<p>\u201cThis forum serves as a culmination of the project, facilitating further knowledge exchange and the creation of new, long-term cooperation plans between Br\u010dko and Loznica. For the first time, young people in Loznica have access to an institution, a place where they can gather and share experiences with their partners,\u201d said Jevtovi\u0107.<\/p>\n<p><img decoding=\"async\" class=\"alignnone size-medium wp-image-10089 lazyload\" data-src=\"https:\/\/srb-bih.org\/wp-content\/uploads\/2024\/12\/470911120_17917602540033407_7109013641142949983_n-300x201.jpg\" alt=\"\" width=\"300\" height=\"201\" data-srcset=\"https:\/\/srb-bih.org\/wp-content\/uploads\/2024\/12\/470911120_17917602540033407_7109013641142949983_n-300x201.jpg 300w, https:\/\/srb-bih.org\/wp-content\/uploads\/2024\/12\/470911120_17917602540033407_7109013641142949983_n-450x301.jpg 450w, https:\/\/srb-bih.org\/wp-content\/uploads\/2024\/12\/470911120_17917602540033407_7109013641142949983_n.jpg 591w\" data-sizes=\"(max-width: 300px) 100vw, 300px\" src=\"data:image\/svg+xml;base64,PHN2ZyB3aWR0aD0iMSIgaGVpZ2h0PSIxIiB4bWxucz0iaHR0cDovL3d3dy53My5vcmcvMjAwMC9zdmciPjwvc3ZnPg==\" style=\"--smush-placeholder-width: 300px; --smush-placeholder-aspect-ratio: 300\/201;\" \/> <img decoding=\"async\" class=\"alignnone size-medium wp-image-10088 lazyload\" data-src=\"https:\/\/srb-bih.org\/wp-content\/uploads\/2024\/12\/470910979_17917602549033407_3139380380758054646_n-300x200.jpg\" alt=\"\" width=\"300\" height=\"200\" data-srcset=\"https:\/\/srb-bih.org\/wp-content\/uploads\/2024\/12\/470910979_17917602549033407_3139380380758054646_n-300x200.jpg 300w, https:\/\/srb-bih.org\/wp-content\/uploads\/2024\/12\/470910979_17917602549033407_3139380380758054646_n-768x513.jpg 768w, https:\/\/srb-bih.org\/wp-content\/uploads\/2024\/12\/470910979_17917602549033407_3139380380758054646_n-705x471.jpg 705w, https:\/\/srb-bih.org\/wp-content\/uploads\/2024\/12\/470910979_17917602549033407_3139380380758054646_n-450x301.jpg 450w, https:\/\/srb-bih.org\/wp-content\/uploads\/2024\/12\/470910979_17917602549033407_3139380380758054646_n.jpg 801w\" data-sizes=\"(max-width: 300px) 100vw, 300px\" src=\"data:image\/svg+xml;base64,PHN2ZyB3aWR0aD0iMSIgaGVpZ2h0PSIxIiB4bWxucz0iaHR0cDovL3d3dy53My5vcmcvMjAwMC9zdmciPjwvc3ZnPg==\" style=\"--smush-placeholder-width: 300px; --smush-placeholder-aspect-ratio: 300\/200;\" \/> <img decoding=\"async\" class=\"alignnone size-medium wp-image-10087 lazyload\" data-src=\"https:\/\/srb-bih.org\/wp-content\/uploads\/2024\/12\/470901269_17917602507033407_7514068630586677485_n-300x202.jpg\" alt=\"\" width=\"300\" height=\"202\" data-srcset=\"https:\/\/srb-bih.org\/wp-content\/uploads\/2024\/12\/470901269_17917602507033407_7514068630586677485_n-300x202.jpg 300w, https:\/\/srb-bih.org\/wp-content\/uploads\/2024\/12\/470901269_17917602507033407_7514068630586677485_n-768x516.jpg 768w, https:\/\/srb-bih.org\/wp-content\/uploads\/2024\/12\/470901269_17917602507033407_7514068630586677485_n-705x474.jpg 705w, https:\/\/srb-bih.org\/wp-content\/uploads\/2024\/12\/470901269_17917602507033407_7514068630586677485_n-450x302.jpg 450w, https:\/\/srb-bih.org\/wp-content\/uploads\/2024\/12\/470901269_17917602507033407_7514068630586677485_n.jpg 1200w\" data-sizes=\"(max-width: 300px) 100vw, 300px\" src=\"data:image\/svg+xml;base64,PHN2ZyB3aWR0aD0iMSIgaGVpZ2h0PSIxIiB4bWxucz0iaHR0cDovL3d3dy53My5vcmcvMjAwMC9zdmciPjwvc3ZnPg==\" style=\"--smush-placeholder-width: 300px; --smush-placeholder-aspect-ratio: 300\/202;\" \/> <img decoding=\"async\" class=\"alignnone size-medium wp-image-10086 lazyload\" data-src=\"https:\/\/srb-bih.org\/wp-content\/uploads\/2024\/12\/470894504_17917602534033407_7508427164304541096_n-300x200.jpg\" alt=\"\" width=\"300\" height=\"200\" data-srcset=\"https:\/\/srb-bih.org\/wp-content\/uploads\/2024\/12\/470894504_17917602534033407_7508427164304541096_n-300x200.jpg 300w, https:\/\/srb-bih.org\/wp-content\/uploads\/2024\/12\/470894504_17917602534033407_7508427164304541096_n-768x513.jpg 768w, https:\/\/srb-bih.org\/wp-content\/uploads\/2024\/12\/470894504_17917602534033407_7508427164304541096_n-705x471.jpg 705w, https:\/\/srb-bih.org\/wp-content\/uploads\/2024\/12\/470894504_17917602534033407_7508427164304541096_n-450x301.jpg 450w, https:\/\/srb-bih.org\/wp-content\/uploads\/2024\/12\/470894504_17917602534033407_7508427164304541096_n.jpg 801w\" data-sizes=\"(max-width: 300px) 100vw, 300px\" src=\"data:image\/svg+xml;base64,PHN2ZyB3aWR0aD0iMSIgaGVpZ2h0PSIxIiB4bWxucz0iaHR0cDovL3d3dy53My5vcmcvMjAwMC9zdmciPjwvc3ZnPg==\" style=\"--smush-placeholder-width: 300px; --smush-placeholder-aspect-ratio: 300\/200;\" \/><\/p>\n<p>&nbsp;<\/p>","protected":false},"excerpt":{"rendered":"<p>The First Cross-Border Startup Business Forum of the project NESESER&nbsp; was held on December 16 and 17, 2024, at the Youth Center in Br\u010dko District. The event brought together top experts, entrepreneurs, representatives of executive and legislative authorities, the civil sector, business professionals, and numerous citizens. The forum was officially opened by the Mayor of [&hellip;]<\/p>\n","protected":false},"author":7,"featured_media":10089,"comment_status":"closed","ping_status":"closed","sticky":false,"template":"","format":"standard","meta":{"ngg_post_thumbnail":0,"footnotes":"","_links_to":"","_links_to_target":""},"categories":[56,57,3],"tags":[],"class_list":["post-10081","post","type-post","status-publish","format-standard","has-post-thumbnail","hentry","category-events","category-newss","category-news"],"yoast_head":"<!-- This site is optimized with the Yoast SEO plugin v25.6 - https:\/\/yoast.com\/wordpress\/plugins\/seo\/ -->\n<title>First Cross-Border Startup Business Forum Held as Part of the Project NESESER - Cross-border Programme<\/title>\n<meta name=\"robots\" content=\"index, follow, max-snippet:-1, max-image-preview:large, max-video-preview:-1\" \/>\n<link rel=\"canonical\" href=\"https:\/\/srb-bih.org\/ba\/first-cross-border-startup-business-forum-held-as-part-of-the-project-neseser\/\" \/>\n<meta property=\"og:locale\" content=\"en_US\" \/>\n<meta property=\"og:type\" content=\"article\" \/>\n<meta property=\"og:title\" content=\"First Cross-Border Startup Business Forum Held as Part of the Project NESESER - Cross-border Programme\" \/>\n<meta property=\"og:description\" content=\"The First Cross-Border Startup Business Forum of the project NESESER&nbsp; was held on December 16 and 17, 2024, at the Youth Center in Br\u010dko District. The event brought together top experts, entrepreneurs, representatives of executive and legislative authorities, the civil sector, business professionals, and numerous citizens. The forum was officially opened by the Mayor of [&hellip;]\" \/>\n<meta property=\"og:url\" content=\"https:\/\/srb-bih.org\/ba\/first-cross-border-startup-business-forum-held-as-part-of-the-project-neseser\/\" \/>\n<meta property=\"og:site_name\" content=\"Cross-border Programme\" \/>\n<meta property=\"article:published_time\" content=\"2024-12-30T08:00:05+00:00\" \/>\n<meta property=\"article:modified_time\" content=\"2024-12-30T08:08:38+00:00\" \/>\n<meta property=\"og:image\" content=\"https:\/\/srb-bih.org\/wp-content\/uploads\/2024\/12\/470911120_17917602540033407_7109013641142949983_n.jpg\" \/>\n\t<meta property=\"og:image:width\" content=\"591\" \/>\n\t<meta property=\"og:image:height\" content=\"395\" \/>\n\t<meta property=\"og:image:type\" content=\"image\/jpeg\" \/>\n<meta name=\"author\" content=\"Irena Markovic\" \/>\n<meta name=\"twitter:card\" content=\"summary_large_image\" \/>\n<meta name=\"twitter:label1\" content=\"Written by\" \/>\n\t<meta name=\"twitter:data1\" content=\"Irena Markovic\" \/>\n\t<meta name=\"twitter:label2\" content=\"Est. reading time\" \/>\n\t<meta name=\"twitter:data2\" content=\"4 minutes\" \/>\n<script type=\"application\/ld+json\" class=\"yoast-schema-graph\">{\"@context\":\"https:\/\/schema.org\",\"@graph\":[{\"@type\":\"WebPage\",\"@id\":\"https:\/\/srb-bih.org\/ba\/first-cross-border-startup-business-forum-held-as-part-of-the-project-neseser\/\",\"url\":\"https:\/\/srb-bih.org\/ba\/first-cross-border-startup-business-forum-held-as-part-of-the-project-neseser\/\",\"name\":\"[:en]First Cross-Border Startup Business Forum Held as Part of the Project NESESER[:sr]Odr\u017ean Prvi prekograni\u010dni startap biznis forum projekta NESESER[:ba]Odr\u017ean Prvi prekograni\u010dni startap biznis forum projekta NESESER[:] - Cross-border Programme\",\"isPartOf\":{\"@id\":\"https:\/\/srb-bih.org\/en\/#website\"},\"primaryImageOfPage\":{\"@id\":\"https:\/\/srb-bih.org\/ba\/first-cross-border-startup-business-forum-held-as-part-of-the-project-neseser\/#primaryimage\"},\"image\":{\"@id\":\"https:\/\/srb-bih.org\/ba\/first-cross-border-startup-business-forum-held-as-part-of-the-project-neseser\/#primaryimage\"},\"thumbnailUrl\":\"https:\/\/srb-bih.org\/wp-content\/uploads\/2024\/12\/470911120_17917602540033407_7109013641142949983_n.jpg\",\"datePublished\":\"2024-12-30T08:00:05+00:00\",\"dateModified\":\"2024-12-30T08:08:38+00:00\",\"author\":{\"@id\":\"https:\/\/srb-bih.org\/en\/#\/schema\/person\/be15b1ae9a749a047f9349c349a3239f\"},\"breadcrumb\":{\"@id\":\"https:\/\/srb-bih.org\/ba\/first-cross-border-startup-business-forum-held-as-part-of-the-project-neseser\/#breadcrumb\"},\"inLanguage\":\"en-US\",\"potentialAction\":[{\"@type\":\"ReadAction\",\"target\":[\"https:\/\/srb-bih.org\/ba\/first-cross-border-startup-business-forum-held-as-part-of-the-project-neseser\/\"]}]},{\"@type\":\"ImageObject\",\"inLanguage\":\"en-US\",\"@id\":\"https:\/\/srb-bih.org\/ba\/first-cross-border-startup-business-forum-held-as-part-of-the-project-neseser\/#primaryimage\",\"url\":\"https:\/\/srb-bih.org\/wp-content\/uploads\/2024\/12\/470911120_17917602540033407_7109013641142949983_n.jpg\",\"contentUrl\":\"https:\/\/srb-bih.org\/wp-content\/uploads\/2024\/12\/470911120_17917602540033407_7109013641142949983_n.jpg\",\"width\":591,\"height\":395},{\"@type\":\"BreadcrumbList\",\"@id\":\"https:\/\/srb-bih.org\/ba\/first-cross-border-startup-business-forum-held-as-part-of-the-project-neseser\/#breadcrumb\",\"itemListElement\":[{\"@type\":\"ListItem\",\"position\":1,\"name\":\"Home\",\"item\":\"https:\/\/srb-bih.org\/\"},{\"@type\":\"ListItem\",\"position\":2,\"name\":\"Odr\u017ean Prvi prekograni\u010dni startap biznis forum projekta NESESER\"}]},{\"@type\":\"WebSite\",\"@id\":\"https:\/\/srb-bih.org\/en\/#website\",\"url\":\"https:\/\/srb-bih.org\/en\/\",\"name\":\"Cross-border Programme\",\"description\":\"Common Ideas for a Better Future\",\"potentialAction\":[{\"@type\":\"SearchAction\",\"target\":{\"@type\":\"EntryPoint\",\"urlTemplate\":\"https:\/\/srb-bih.org\/en\/?s={search_term_string}\"},\"query-input\":{\"@type\":\"PropertyValueSpecification\",\"valueRequired\":true,\"valueName\":\"search_term_string\"}}],\"inLanguage\":\"en-US\"},{\"@type\":\"Person\",\"@id\":\"https:\/\/srb-bih.org\/en\/#\/schema\/person\/be15b1ae9a749a047f9349c349a3239f\",\"name\":\"Irena Markovic\",\"url\":\"https:\/\/srb-bih.org\/en\/author\/irena-markovic\/\"}]}<\/script>\n<!-- \/ Yoast SEO plugin. -->","yoast_head_json":{"title":"First Cross-Border Startup Business Forum Held as Part of the Project NESESER - Cross-border Programme","robots":{"index":"index","follow":"follow","max-snippet":"max-snippet:-1","max-image-preview":"max-image-preview:large","max-video-preview":"max-video-preview:-1"},"canonical":"https:\/\/srb-bih.org\/ba\/first-cross-border-startup-business-forum-held-as-part-of-the-project-neseser\/","og_locale":"en_US","og_type":"article","og_title":"First Cross-Border Startup Business Forum Held as Part of the Project NESESER - Cross-border Programme","og_description":"The First Cross-Border Startup Business Forum of the project NESESER&nbsp; was held on December 16 and 17, 2024, at the Youth Center in Br\u010dko District. The event brought together top experts, entrepreneurs, representatives of executive and legislative authorities, the civil sector, business professionals, and numerous citizens. The forum was officially opened by the Mayor of [&hellip;]","og_url":"https:\/\/srb-bih.org\/ba\/first-cross-border-startup-business-forum-held-as-part-of-the-project-neseser\/","og_site_name":"Cross-border Programme","article_published_time":"2024-12-30T08:00:05+00:00","article_modified_time":"2024-12-30T08:08:38+00:00","og_image":[{"width":591,"height":395,"url":"https:\/\/srb-bih.org\/wp-content\/uploads\/2024\/12\/470911120_17917602540033407_7109013641142949983_n.jpg","type":"image\/jpeg"}],"author":"Irena Markovic","twitter_card":"summary_large_image","twitter_misc":{"Written by":"Irena Markovic","Est. reading time":"4 minutes"},"schema":{"@context":"https:\/\/schema.org","@graph":[{"@type":"WebPage","@id":"https:\/\/srb-bih.org\/ba\/first-cross-border-startup-business-forum-held-as-part-of-the-project-neseser\/","url":"https:\/\/srb-bih.org\/ba\/first-cross-border-startup-business-forum-held-as-part-of-the-project-neseser\/","name":"[:en]First Cross-Border Startup Business Forum Held as Part of the Project NESESER[:sr]Odr\u017ean Prvi prekograni\u010dni startap biznis forum projekta NESESER[:ba]Odr\u017ean Prvi prekograni\u010dni startap biznis forum projekta NESESER[:] - Cross-border Programme","isPartOf":{"@id":"https:\/\/srb-bih.org\/en\/#website"},"primaryImageOfPage":{"@id":"https:\/\/srb-bih.org\/ba\/first-cross-border-startup-business-forum-held-as-part-of-the-project-neseser\/#primaryimage"},"image":{"@id":"https:\/\/srb-bih.org\/ba\/first-cross-border-startup-business-forum-held-as-part-of-the-project-neseser\/#primaryimage"},"thumbnailUrl":"https:\/\/srb-bih.org\/wp-content\/uploads\/2024\/12\/470911120_17917602540033407_7109013641142949983_n.jpg","datePublished":"2024-12-30T08:00:05+00:00","dateModified":"2024-12-30T08:08:38+00:00","author":{"@id":"https:\/\/srb-bih.org\/en\/#\/schema\/person\/be15b1ae9a749a047f9349c349a3239f"},"breadcrumb":{"@id":"https:\/\/srb-bih.org\/ba\/first-cross-border-startup-business-forum-held-as-part-of-the-project-neseser\/#breadcrumb"},"inLanguage":"en-US","potentialAction":[{"@type":"ReadAction","target":["https:\/\/srb-bih.org\/ba\/first-cross-border-startup-business-forum-held-as-part-of-the-project-neseser\/"]}]},{"@type":"ImageObject","inLanguage":"en-US","@id":"https:\/\/srb-bih.org\/ba\/first-cross-border-startup-business-forum-held-as-part-of-the-project-neseser\/#primaryimage","url":"https:\/\/srb-bih.org\/wp-content\/uploads\/2024\/12\/470911120_17917602540033407_7109013641142949983_n.jpg","contentUrl":"https:\/\/srb-bih.org\/wp-content\/uploads\/2024\/12\/470911120_17917602540033407_7109013641142949983_n.jpg","width":591,"height":395},{"@type":"BreadcrumbList","@id":"https:\/\/srb-bih.org\/ba\/first-cross-border-startup-business-forum-held-as-part-of-the-project-neseser\/#breadcrumb","itemListElement":[{"@type":"ListItem","position":1,"name":"Home","item":"https:\/\/srb-bih.org\/"},{"@type":"ListItem","position":2,"name":"Odr\u017ean Prvi prekograni\u010dni startap biznis forum projekta NESESER"}]},{"@type":"WebSite","@id":"https:\/\/srb-bih.org\/en\/#website","url":"https:\/\/srb-bih.org\/en\/","name":"Cross-border Programme","description":"Common Ideas for a Better Future","potentialAction":[{"@type":"SearchAction","target":{"@type":"EntryPoint","urlTemplate":"https:\/\/srb-bih.org\/en\/?s={search_term_string}"},"query-input":{"@type":"PropertyValueSpecification","valueRequired":true,"valueName":"search_term_string"}}],"inLanguage":"en-US"},{"@type":"Person","@id":"https:\/\/srb-bih.org\/en\/#\/schema\/person\/be15b1ae9a749a047f9349c349a3239f","name":"Irena Markovic","url":"https:\/\/srb-bih.org\/en\/author\/irena-markovic\/"}]}},"_links":{"self":[{"href":"https:\/\/srb-bih.org\/en\/wp-json\/wp\/v2\/posts\/10081","targetHints":{"allow":["GET"]}}],"collection":[{"href":"https:\/\/srb-bih.org\/en\/wp-json\/wp\/v2\/posts"}],"about":[{"href":"https:\/\/srb-bih.org\/en\/wp-json\/wp\/v2\/types\/post"}],"author":[{"embeddable":true,"href":"https:\/\/srb-bih.org\/en\/wp-json\/wp\/v2\/users\/7"}],"replies":[{"embeddable":true,"href":"https:\/\/srb-bih.org\/en\/wp-json\/wp\/v2\/comments?post=10081"}],"version-history":[{"count":8,"href":"https:\/\/srb-bih.org\/en\/wp-json\/wp\/v2\/posts\/10081\/revisions"}],"predecessor-version":[{"id":10093,"href":"https:\/\/srb-bih.org\/en\/wp-json\/wp\/v2\/posts\/10081\/revisions\/10093"}],"wp:featuredmedia":[{"embeddable":true,"href":"https:\/\/srb-bih.org\/en\/wp-json\/wp\/v2\/media\/10089"}],"wp:attachment":[{"href":"https:\/\/srb-bih.org\/en\/wp-json\/wp\/v2\/media?parent=10081"}],"wp:term":[{"taxonomy":"category","embeddable":true,"href":"https:\/\/srb-bih.org\/en\/wp-json\/wp\/v2\/categories?post=10081"},{"taxonomy":"post_tag","embeddable":true,"href":"https:\/\/srb-bih.org\/en\/wp-json\/wp\/v2\/tags?post=10081"}],"curies":[{"name":"wp","href":"https:\/\/api.w.org\/{rel}","templated":true}]}}