{"id":10423,"date":"2026-03-31T20:49:15","date_gmt":"2026-03-31T18:49:15","guid":{"rendered":"https:\/\/srb-bih.org\/?p=10423"},"modified":"2026-04-02T10:59:19","modified_gmt":"2026-04-02T08:59:19","slug":"ministry-of-european-integration-delegation-on-a-two-day-visit-to-north-macedonia-project-visits-and-discussions-on-the-upcoming-call-within-the-cross-border-cooperation-programme","status":"publish","type":"post","link":"https:\/\/srb-bih.org\/ba\/ministry-of-european-integration-delegation-on-a-two-day-visit-to-north-macedonia-project-visits-and-discussions-on-the-upcoming-call-within-the-cross-border-cooperation-programme\/","title":{"rendered":"Delegacija Ministarstva za evropske integracije u dvodnevnoj posjeti Sjevernoj Makedoniji i jugu Srbije: obilazak projekata i razgovori o novom pozivu u okviru Programa prekograni\u010dne saradnje"},"content":{"rendered":"<p><\/p>\n<div class=\"flex max-w-full flex-col gap-4 grow\">\n<div class=\"min-h-8 text-message relative flex w-full flex-col items-end gap-2 text-start break-words whitespace-normal outline-none keyboard-focused:focus-ring [.text-message+&amp;]:mt-1\" dir=\"auto\" tabindex=\"0\" data-message-author-role=\"assistant\" data-message-id=\"8e36c063-49b6-4f19-834b-6943404683e4\" data-message-model-slug=\"gpt-5-3\" data-turn-start-message=\"true\">\n<div class=\"flex w-full flex-col gap-1 empty:hidden\">\n<div class=\"markdown prose dark:prose-invert w-full wrap-break-word light markdown-new-styling\">\n<p data-start=\"0\" data-end=\"331\">Nemanja Martinovi\u0107, v.d. pomo\u0107nika ministra u Ministarstvu za evropske integracije, predvodio je delegaciju tokom dvodnevne posjete Sjevernoj Makedoniji, organizovane s ciljem obilaska projekata realiziranih u okviru IPA II Programa prekograni\u010dne saradnje Srbija\u2013Sjeverna Makedonija, kao i odr\u017eavanja radnih sastanaka s partnerima.<\/p>\n<p data-start=\"333\" data-end=\"775\">U okviru posjete predstavnika Upravlja\u010dkog tijela, struktura za prekograni\u010dnu saradnju i Zajedni\u010dkih tehni\u010dkih sekretarijata tri programa prekograni\u010dne saradnje kojima upravlja Srbija (sa Bosnom i Hercegovinom, Crnom Gorom i Sjevernom Makedonijom), odr\u017ean je i bilateralni sastanak s kolegama iz Sjeverne Makedonije. Sastanak je bio posve\u0107en pripremama za predstoje\u0107i poziv u okviru Programa prekograni\u010dne saradnje Srbija\u2013Sjeverna Makedonija.<\/p>\n<p data-start=\"777\" data-end=\"1310\">Tokom sastanka definirani su klju\u010dni zajedni\u010dki prioriteti za naredni period. Poseban akcenat stavljen je na pravovremeno informisanje \u0161ireg kruga potencijalnih korisnika o mogu\u0107nostima finansiranja i uslovima za u\u010de\u0161\u0107e. Rani po\u010detak priprema omogu\u0107ava zainteresiranim institucijama da bolje sagledaju stvarne potrebe prekograni\u010dnog podru\u010dja, prona\u0111u pouzdane partnere i pripreme kvalitetnije projektne prijedloge. O\u010dekuje se da \u0107e ovakav pristup doprinijeti ve\u0107em kvalitetu projekata i efikasnijem kori\u0161tenju raspolo\u017eivih sredstava.<\/p>\n<p data-start=\"1312\" data-end=\"1683\">Saradnja izme\u0111u Srbije i Sjeverne Makedonije zna\u010dajno je unaprije\u0111ena od po\u010detka prvog programa prekograni\u010dne saradnje (2016\u20132020). U okviru IPA III (2021\u20132027), ovaj napredak se nastavlja kroz redovnu komunikaciju i razmjenu znanja. Posjete poput ove omogu\u0107avaju partnerima da razmjenjuju prakti\u010dna iskustva, dodatno izgrade povjerenje i unaprijede sprovo\u0111enje programa.<\/p>\n<p data-start=\"1685\" data-end=\"2272\">Tokom boravka organiziran je i obilazak projekata finansiranih u okviru dva poziva IPA II programa, koji na jasan na\u010din pokazuju konkretne rezultate i uticaj programa na terenu. Slogan programa \u201eDobri prijatelji \u2013 nove mogu\u0107nosti\u201c u potpunosti odra\u017eava trenutno stanje saradnje: lokalne samouprave nastavljaju partnerstva, zajednice razvijaju zajedni\u010dke inicijative zasnovane na stvarnim potrebama, a javna preduze\u0107a dodatno ja\u010daju svoje kapacitete. Delegacija je tokom posjete imala priliku da se uvjeri u primjere saradnje koja prevazilazi formalne okvire i donosi opipljive rezultate.<\/p>\n<p data-start=\"2274\" data-end=\"2587\" data-is-last-node=\"\" data-is-only-node=\"\">Podr\u0161ka Evropske unije sve je vidljivija na svim nivoima u programskom podru\u010dju prekograni\u010dne saradnje. Sve ve\u0107i broj institucija prepoznaje zna\u010daj ovih mogu\u0107nosti i aktivno se uklju\u010duje u nove inicijative. Partneri izra\u017eavaju optimizam u pogledu daljeg razvoja saradnje i o\u010dekuju nove prilike u narednom periodu.<\/p>\n<p data-start=\"2274\" data-end=\"2587\" data-is-last-node=\"\" data-is-only-node=\"\"><img decoding=\"async\" class=\"alignnone size-medium wp-image-10436 lazyload\" data-src=\"https:\/\/srb-bih.org\/wp-content\/uploads\/2026\/03\/viber_slika_2026-03-30_15-47-11-206-300x225.jpg\" alt=\"\" width=\"300\" height=\"225\" data-srcset=\"https:\/\/srb-bih.org\/wp-content\/uploads\/2026\/03\/viber_slika_2026-03-30_15-47-11-206-300x225.jpg 300w, https:\/\/srb-bih.org\/wp-content\/uploads\/2026\/03\/viber_slika_2026-03-30_15-47-11-206-768x576.jpg 768w, https:\/\/srb-bih.org\/wp-content\/uploads\/2026\/03\/viber_slika_2026-03-30_15-47-11-206-1536x1152.jpg 1536w, https:\/\/srb-bih.org\/wp-content\/uploads\/2026\/03\/viber_slika_2026-03-30_15-47-11-206-1500x1125.jpg 1500w, https:\/\/srb-bih.org\/wp-content\/uploads\/2026\/03\/viber_slika_2026-03-30_15-47-11-206-705x529.jpg 705w, https:\/\/srb-bih.org\/wp-content\/uploads\/2026\/03\/viber_slika_2026-03-30_15-47-11-206-450x338.jpg 450w, https:\/\/srb-bih.org\/wp-content\/uploads\/2026\/03\/viber_slika_2026-03-30_15-47-11-206-scaled.jpg 1560w\" data-sizes=\"(max-width: 300px) 100vw, 300px\" src=\"data:image\/svg+xml;base64,PHN2ZyB3aWR0aD0iMSIgaGVpZ2h0PSIxIiB4bWxucz0iaHR0cDovL3d3dy53My5vcmcvMjAwMC9zdmciPjwvc3ZnPg==\" style=\"--smush-placeholder-width: 300px; --smush-placeholder-aspect-ratio: 300\/225;\" \/> <img decoding=\"async\" class=\"alignnone size-medium wp-image-10435 lazyload\" data-src=\"https:\/\/srb-bih.org\/wp-content\/uploads\/2026\/03\/viber_slika_2026-03-30_14-13-07-450-225x300.jpg\" alt=\"\" width=\"225\" height=\"300\" data-srcset=\"https:\/\/srb-bih.org\/wp-content\/uploads\/2026\/03\/viber_slika_2026-03-30_14-13-07-450-225x300.jpg 225w, https:\/\/srb-bih.org\/wp-content\/uploads\/2026\/03\/viber_slika_2026-03-30_14-13-07-450-768x1024.jpg 768w, https:\/\/srb-bih.org\/wp-content\/uploads\/2026\/03\/viber_slika_2026-03-30_14-13-07-450-1152x1536.jpg 1152w, https:\/\/srb-bih.org\/wp-content\/uploads\/2026\/03\/viber_slika_2026-03-30_14-13-07-450-1125x1500.jpg 1125w, https:\/\/srb-bih.org\/wp-content\/uploads\/2026\/03\/viber_slika_2026-03-30_14-13-07-450-529x705.jpg 529w, https:\/\/srb-bih.org\/wp-content\/uploads\/2026\/03\/viber_slika_2026-03-30_14-13-07-450-450x600.jpg 450w, https:\/\/srb-bih.org\/wp-content\/uploads\/2026\/03\/viber_slika_2026-03-30_14-13-07-450-scaled.jpg 1170w\" data-sizes=\"(max-width: 225px) 100vw, 225px\" src=\"data:image\/svg+xml;base64,PHN2ZyB3aWR0aD0iMSIgaGVpZ2h0PSIxIiB4bWxucz0iaHR0cDovL3d3dy53My5vcmcvMjAwMC9zdmciPjwvc3ZnPg==\" style=\"--smush-placeholder-width: 225px; --smush-placeholder-aspect-ratio: 225\/300;\" \/> <img decoding=\"async\" class=\"alignnone size-medium wp-image-10434 lazyload\" data-src=\"https:\/\/srb-bih.org\/wp-content\/uploads\/2026\/03\/viber_slika_2026-03-30_12-44-13-995-300x225.jpg\" alt=\"\" width=\"300\" height=\"225\" data-srcset=\"https:\/\/srb-bih.org\/wp-content\/uploads\/2026\/03\/viber_slika_2026-03-30_12-44-13-995-300x225.jpg 300w, https:\/\/srb-bih.org\/wp-content\/uploads\/2026\/03\/viber_slika_2026-03-30_12-44-13-995-768x576.jpg 768w, https:\/\/srb-bih.org\/wp-content\/uploads\/2026\/03\/viber_slika_2026-03-30_12-44-13-995-1536x1152.jpg 1536w, https:\/\/srb-bih.org\/wp-content\/uploads\/2026\/03\/viber_slika_2026-03-30_12-44-13-995-1500x1125.jpg 1500w, https:\/\/srb-bih.org\/wp-content\/uploads\/2026\/03\/viber_slika_2026-03-30_12-44-13-995-705x529.jpg 705w, https:\/\/srb-bih.org\/wp-content\/uploads\/2026\/03\/viber_slika_2026-03-30_12-44-13-995-450x338.jpg 450w, https:\/\/srb-bih.org\/wp-content\/uploads\/2026\/03\/viber_slika_2026-03-30_12-44-13-995-scaled.jpg 1560w\" data-sizes=\"(max-width: 300px) 100vw, 300px\" src=\"data:image\/svg+xml;base64,PHN2ZyB3aWR0aD0iMSIgaGVpZ2h0PSIxIiB4bWxucz0iaHR0cDovL3d3dy53My5vcmcvMjAwMC9zdmciPjwvc3ZnPg==\" style=\"--smush-placeholder-width: 300px; --smush-placeholder-aspect-ratio: 300\/225;\" \/> <img decoding=\"async\" class=\"alignnone size-medium wp-image-10433 lazyload\" data-src=\"https:\/\/srb-bih.org\/wp-content\/uploads\/2026\/03\/viber_slika_2026-03-30_15-48-02-362-300x225.jpg\" alt=\"\" width=\"300\" height=\"225\" data-srcset=\"https:\/\/srb-bih.org\/wp-content\/uploads\/2026\/03\/viber_slika_2026-03-30_15-48-02-362-300x225.jpg 300w, https:\/\/srb-bih.org\/wp-content\/uploads\/2026\/03\/viber_slika_2026-03-30_15-48-02-362-768x576.jpg 768w, https:\/\/srb-bih.org\/wp-content\/uploads\/2026\/03\/viber_slika_2026-03-30_15-48-02-362-1536x1152.jpg 1536w, https:\/\/srb-bih.org\/wp-content\/uploads\/2026\/03\/viber_slika_2026-03-30_15-48-02-362-1500x1125.jpg 1500w, https:\/\/srb-bih.org\/wp-content\/uploads\/2026\/03\/viber_slika_2026-03-30_15-48-02-362-705x529.jpg 705w, https:\/\/srb-bih.org\/wp-content\/uploads\/2026\/03\/viber_slika_2026-03-30_15-48-02-362-450x338.jpg 450w, https:\/\/srb-bih.org\/wp-content\/uploads\/2026\/03\/viber_slika_2026-03-30_15-48-02-362-scaled.jpg 1560w\" data-sizes=\"(max-width: 300px) 100vw, 300px\" src=\"data:image\/svg+xml;base64,PHN2ZyB3aWR0aD0iMSIgaGVpZ2h0PSIxIiB4bWxucz0iaHR0cDovL3d3dy53My5vcmcvMjAwMC9zdmciPjwvc3ZnPg==\" style=\"--smush-placeholder-width: 300px; --smush-placeholder-aspect-ratio: 300\/225;\" \/> <img decoding=\"async\" class=\"alignnone size-medium wp-image-10432 lazyload\" data-src=\"https:\/\/srb-bih.org\/wp-content\/uploads\/2026\/03\/viber_slika_2026-03-30_15-47-29-020-300x225.jpg\" alt=\"\" width=\"300\" height=\"225\" data-srcset=\"https:\/\/srb-bih.org\/wp-content\/uploads\/2026\/03\/viber_slika_2026-03-30_15-47-29-020-300x225.jpg 300w, https:\/\/srb-bih.org\/wp-content\/uploads\/2026\/03\/viber_slika_2026-03-30_15-47-29-020-768x576.jpg 768w, https:\/\/srb-bih.org\/wp-content\/uploads\/2026\/03\/viber_slika_2026-03-30_15-47-29-020-1536x1152.jpg 1536w, https:\/\/srb-bih.org\/wp-content\/uploads\/2026\/03\/viber_slika_2026-03-30_15-47-29-020-1500x1125.jpg 1500w, https:\/\/srb-bih.org\/wp-content\/uploads\/2026\/03\/viber_slika_2026-03-30_15-47-29-020-705x529.jpg 705w, https:\/\/srb-bih.org\/wp-content\/uploads\/2026\/03\/viber_slika_2026-03-30_15-47-29-020-450x338.jpg 450w, https:\/\/srb-bih.org\/wp-content\/uploads\/2026\/03\/viber_slika_2026-03-30_15-47-29-020-scaled.jpg 1560w\" data-sizes=\"(max-width: 300px) 100vw, 300px\" src=\"data:image\/svg+xml;base64,PHN2ZyB3aWR0aD0iMSIgaGVpZ2h0PSIxIiB4bWxucz0iaHR0cDovL3d3dy53My5vcmcvMjAwMC9zdmciPjwvc3ZnPg==\" style=\"--smush-placeholder-width: 300px; --smush-placeholder-aspect-ratio: 300\/225;\" \/> <img decoding=\"async\" class=\"alignnone size-medium wp-image-10431 lazyload\" data-src=\"https:\/\/srb-bih.org\/wp-content\/uploads\/2026\/03\/viber_slika_2026-03-29_21-26-31-046-300x225.jpg\" alt=\"\" width=\"300\" height=\"225\" data-srcset=\"https:\/\/srb-bih.org\/wp-content\/uploads\/2026\/03\/viber_slika_2026-03-29_21-26-31-046-300x225.jpg 300w, https:\/\/srb-bih.org\/wp-content\/uploads\/2026\/03\/viber_slika_2026-03-29_21-26-31-046-768x576.jpg 768w, https:\/\/srb-bih.org\/wp-content\/uploads\/2026\/03\/viber_slika_2026-03-29_21-26-31-046-1536x1152.jpg 1536w, https:\/\/srb-bih.org\/wp-content\/uploads\/2026\/03\/viber_slika_2026-03-29_21-26-31-046-1500x1125.jpg 1500w, https:\/\/srb-bih.org\/wp-content\/uploads\/2026\/03\/viber_slika_2026-03-29_21-26-31-046-705x529.jpg 705w, https:\/\/srb-bih.org\/wp-content\/uploads\/2026\/03\/viber_slika_2026-03-29_21-26-31-046-450x338.jpg 450w, https:\/\/srb-bih.org\/wp-content\/uploads\/2026\/03\/viber_slika_2026-03-29_21-26-31-046-scaled.jpg 1560w\" data-sizes=\"(max-width: 300px) 100vw, 300px\" src=\"data:image\/svg+xml;base64,PHN2ZyB3aWR0aD0iMSIgaGVpZ2h0PSIxIiB4bWxucz0iaHR0cDovL3d3dy53My5vcmcvMjAwMC9zdmciPjwvc3ZnPg==\" style=\"--smush-placeholder-width: 300px; --smush-placeholder-aspect-ratio: 300\/225;\" \/> <img decoding=\"async\" class=\"alignnone size-medium wp-image-10430 lazyload\" data-src=\"https:\/\/srb-bih.org\/wp-content\/uploads\/2026\/03\/viber_slika_2026-03-29_16-40-50-216-225x300.jpg\" alt=\"\" width=\"225\" height=\"300\" data-srcset=\"https:\/\/srb-bih.org\/wp-content\/uploads\/2026\/03\/viber_slika_2026-03-29_16-40-50-216-225x300.jpg 225w, https:\/\/srb-bih.org\/wp-content\/uploads\/2026\/03\/viber_slika_2026-03-29_16-40-50-216-768x1024.jpg 768w, https:\/\/srb-bih.org\/wp-content\/uploads\/2026\/03\/viber_slika_2026-03-29_16-40-50-216-1152x1536.jpg 1152w, https:\/\/srb-bih.org\/wp-content\/uploads\/2026\/03\/viber_slika_2026-03-29_16-40-50-216-1125x1500.jpg 1125w, https:\/\/srb-bih.org\/wp-content\/uploads\/2026\/03\/viber_slika_2026-03-29_16-40-50-216-529x705.jpg 529w, https:\/\/srb-bih.org\/wp-content\/uploads\/2026\/03\/viber_slika_2026-03-29_16-40-50-216-450x600.jpg 450w, https:\/\/srb-bih.org\/wp-content\/uploads\/2026\/03\/viber_slika_2026-03-29_16-40-50-216-scaled.jpg 1170w\" data-sizes=\"(max-width: 225px) 100vw, 225px\" src=\"data:image\/svg+xml;base64,PHN2ZyB3aWR0aD0iMSIgaGVpZ2h0PSIxIiB4bWxucz0iaHR0cDovL3d3dy53My5vcmcvMjAwMC9zdmciPjwvc3ZnPg==\" style=\"--smush-placeholder-width: 225px; --smush-placeholder-aspect-ratio: 225\/300;\" \/> <img decoding=\"async\" class=\"alignnone size-medium wp-image-10429 lazyload\" data-src=\"https:\/\/srb-bih.org\/wp-content\/uploads\/2026\/03\/viber_slika_2026-03-29_16-40-54-336-300x225.jpg\" alt=\"\" width=\"300\" height=\"225\" data-srcset=\"https:\/\/srb-bih.org\/wp-content\/uploads\/2026\/03\/viber_slika_2026-03-29_16-40-54-336-300x225.jpg 300w, https:\/\/srb-bih.org\/wp-content\/uploads\/2026\/03\/viber_slika_2026-03-29_16-40-54-336-768x576.jpg 768w, https:\/\/srb-bih.org\/wp-content\/uploads\/2026\/03\/viber_slika_2026-03-29_16-40-54-336-1536x1152.jpg 1536w, https:\/\/srb-bih.org\/wp-content\/uploads\/2026\/03\/viber_slika_2026-03-29_16-40-54-336-1500x1125.jpg 1500w, https:\/\/srb-bih.org\/wp-content\/uploads\/2026\/03\/viber_slika_2026-03-29_16-40-54-336-705x529.jpg 705w, https:\/\/srb-bih.org\/wp-content\/uploads\/2026\/03\/viber_slika_2026-03-29_16-40-54-336-450x338.jpg 450w, https:\/\/srb-bih.org\/wp-content\/uploads\/2026\/03\/viber_slika_2026-03-29_16-40-54-336-scaled.jpg 1560w\" data-sizes=\"(max-width: 300px) 100vw, 300px\" src=\"data:image\/svg+xml;base64,PHN2ZyB3aWR0aD0iMSIgaGVpZ2h0PSIxIiB4bWxucz0iaHR0cDovL3d3dy53My5vcmcvMjAwMC9zdmciPjwvc3ZnPg==\" style=\"--smush-placeholder-width: 300px; --smush-placeholder-aspect-ratio: 300\/225;\" \/> <img decoding=\"async\" class=\"alignnone size-medium wp-image-10428 lazyload\" data-src=\"https:\/\/srb-bih.org\/wp-content\/uploads\/2026\/03\/viber_slika_2026-03-29_11-28-49-822-300x180.jpg\" alt=\"\" width=\"300\" height=\"180\" data-srcset=\"https:\/\/srb-bih.org\/wp-content\/uploads\/2026\/03\/viber_slika_2026-03-29_11-28-49-822-300x180.jpg 300w, https:\/\/srb-bih.org\/wp-content\/uploads\/2026\/03\/viber_slika_2026-03-29_11-28-49-822-2000x1202.jpg 2000w, https:\/\/srb-bih.org\/wp-content\/uploads\/2026\/03\/viber_slika_2026-03-29_11-28-49-822-768x462.jpg 768w, https:\/\/srb-bih.org\/wp-content\/uploads\/2026\/03\/viber_slika_2026-03-29_11-28-49-822-1536x923.jpg 1536w, https:\/\/srb-bih.org\/wp-content\/uploads\/2026\/03\/viber_slika_2026-03-29_11-28-49-822-2048x1231.jpg 2048w, https:\/\/srb-bih.org\/wp-content\/uploads\/2026\/03\/viber_slika_2026-03-29_11-28-49-822-1500x902.jpg 1500w, https:\/\/srb-bih.org\/wp-content\/uploads\/2026\/03\/viber_slika_2026-03-29_11-28-49-822-705x424.jpg 705w, https:\/\/srb-bih.org\/wp-content\/uploads\/2026\/03\/viber_slika_2026-03-29_11-28-49-822-450x271.jpg 450w, https:\/\/srb-bih.org\/wp-content\/uploads\/2026\/03\/viber_slika_2026-03-29_11-28-49-822-scaled.jpg 1560w\" data-sizes=\"(max-width: 300px) 100vw, 300px\" src=\"data:image\/svg+xml;base64,PHN2ZyB3aWR0aD0iMSIgaGVpZ2h0PSIxIiB4bWxucz0iaHR0cDovL3d3dy53My5vcmcvMjAwMC9zdmciPjwvc3ZnPg==\" style=\"--smush-placeholder-width: 300px; --smush-placeholder-aspect-ratio: 300\/180;\" \/><\/p>\n<\/div>\n<\/div>\n<\/div>\n<\/div>\n<div class=\"z-0 flex min-h-[46px] justify-start\">&nbsp;<\/div>\n<p><\/p>","protected":false},"excerpt":{"rendered":"<p>Nemanja Martinovi\u0107, v.d. pomo\u0107nika ministra u Ministarstvu za evropske integracije, predvodio je delegaciju tokom dvodnevne posjete Sjevernoj Makedoniji, organizovane s ciljem obilaska projekata realiziranih u okviru IPA II Programa prekograni\u010dne saradnje Srbija\u2013Sjeverna Makedonija, kao i odr\u017eavanja radnih sastanaka s partnerima. U okviru posjete predstavnika Upravlja\u010dkog tijela, struktura za prekograni\u010dnu saradnju i Zajedni\u010dkih tehni\u010dkih sekretarijata tri [&hellip;]<\/p>\n","protected":false},"author":7,"featured_media":0,"comment_status":"closed","ping_status":"closed","sticky":false,"template":"","format":"standard","meta":{"ngg_post_thumbnail":0,"footnotes":"","_links_to":"","_links_to_target":""},"categories":[56,57],"tags":[],"class_list":["post-10423","post","type-post","status-publish","format-standard","hentry","category-events","category-newss"],"yoast_head":"<!-- This site is optimized with the Yoast SEO plugin v25.6 - https:\/\/yoast.com\/wordpress\/plugins\/seo\/ -->\n<title>Delegacija Ministarstva za evropske integracije u dvodnevnoj posjeti Sjevernoj Makedoniji i jugu Srbije: obilazak projekata i razgovori o novom pozivu u okviru Programa prekograni\u010dne saradnje - Cross-border Programme<\/title>\n<meta name=\"robots\" content=\"index, follow, max-snippet:-1, max-image-preview:large, max-video-preview:-1\" \/>\n<link rel=\"canonical\" href=\"https:\/\/srb-bih.org\/ministry-of-european-integration-delegation-on-a-two-day-visit-to-north-macedonia-project-visits-and-discussions-on-the-upcoming-call-within-the-cross-border-cooperation-programme\/\" \/>\n<meta property=\"og:locale\" content=\"bs_BA\" \/>\n<meta property=\"og:type\" content=\"article\" \/>\n<meta property=\"og:title\" content=\"Delegacija Ministarstva za evropske integracije u dvodnevnoj posjeti Sjevernoj Makedoniji i jugu Srbije: obilazak projekata i razgovori o novom pozivu u okviru Programa prekograni\u010dne saradnje - Cross-border Programme\" \/>\n<meta property=\"og:description\" content=\"Nemanja Martinovi\u0107, v.d. pomo\u0107nika ministra u Ministarstvu za evropske integracije, predvodio je delegaciju tokom dvodnevne posjete Sjevernoj Makedoniji, organizovane s ciljem obilaska projekata realiziranih u okviru IPA II Programa prekograni\u010dne saradnje Srbija\u2013Sjeverna Makedonija, kao i odr\u017eavanja radnih sastanaka s partnerima. U okviru posjete predstavnika Upravlja\u010dkog tijela, struktura za prekograni\u010dnu saradnju i Zajedni\u010dkih tehni\u010dkih sekretarijata tri [&hellip;]\" \/>\n<meta property=\"og:url\" content=\"https:\/\/srb-bih.org\/ministry-of-european-integration-delegation-on-a-two-day-visit-to-north-macedonia-project-visits-and-discussions-on-the-upcoming-call-within-the-cross-border-cooperation-programme\/\" \/>\n<meta property=\"og:site_name\" content=\"Cross-border Programme\" \/>\n<meta property=\"article:published_time\" content=\"2026-03-31T18:49:15+00:00\" \/>\n<meta property=\"article:modified_time\" content=\"2026-04-02T08:59:19+00:00\" \/>\n<meta property=\"og:image\" content=\"https:\/\/srb-bih.org\/wp-content\/uploads\/2026\/03\/viber_slika_2026-03-29_11-28-49-822-scaled.jpg\" \/>\n\t<meta property=\"og:image:width\" content=\"1560\" \/>\n\t<meta property=\"og:image:height\" content=\"938\" \/>\n\t<meta property=\"og:image:type\" content=\"image\/jpeg\" \/>\n<meta name=\"author\" content=\"Irena Markovic\" \/>\n<meta name=\"twitter:card\" content=\"summary_large_image\" \/>\n<meta name=\"twitter:label1\" content=\"Written by\" \/>\n\t<meta name=\"twitter:data1\" content=\"Irena Markovic\" \/>\n\t<meta name=\"twitter:label2\" content=\"Est. reading time\" \/>\n\t<meta name=\"twitter:data2\" content=\"4 minute\" \/>\n<script type=\"application\/ld+json\" class=\"yoast-schema-graph\">{\"@context\":\"https:\/\/schema.org\",\"@graph\":[{\"@type\":\"WebPage\",\"@id\":\"https:\/\/srb-bih.org\/ministry-of-european-integration-delegation-on-a-two-day-visit-to-north-macedonia-project-visits-and-discussions-on-the-upcoming-call-within-the-cross-border-cooperation-programme\/\",\"url\":\"https:\/\/srb-bih.org\/ministry-of-european-integration-delegation-on-a-two-day-visit-to-north-macedonia-project-visits-and-discussions-on-the-upcoming-call-within-the-cross-border-cooperation-programme\/\",\"name\":\"[:en]Ministry of European Integration Delegation on a two-day visit to North Macedonia: Project visits and discussions on the upcoming Call within the Cross-Border Cooperation Programme[:sr]\u0414\u0435\u043b\u0435\u0433\u0430\u0446\u0438\u0458\u0430 \u041c\u0438\u043d\u0438\u0441\u0442\u0430\u0440\u0441\u0442\u0432\u0430 \u0437\u0430 \u0435\u0432\u0440\u043e\u043f\u0441\u043a\u0435 \u0438\u043d\u0442\u0435\u0433\u0440\u0430\u0446\u0438\u0458\u0435 \u0443 \u0434\u0432\u043e\u0434\u043d\u0435\u0432\u043d\u043e\u0458 \u043f\u043e\u0441\u0435\u0442\u0438 \u0421\u0435\u0432\u0435\u0440\u043d\u043e\u0458 \u041c\u0430\u043a\u0435\u0434\u043e\u043d\u0438\u0458\u0438: \u043e\u0431\u0438\u043b\u0430\u0437\u0430\u043a \u043f\u0440\u043e\u0458\u0435\u043a\u0430\u0442\u0430 \u0438 \u0440\u0430\u0437\u0433\u043e\u0432\u043e\u0440\u0438 \u043e \u043d\u043e\u0432\u043e\u043c \u043f\u043e\u0437\u0438\u0432\u0443 \u0443 \u043e\u043a\u0432\u0438\u0440\u0443 \u041f\u0440\u043e\u0433\u0440\u0430\u043c\u0430 \u043f\u0440\u0435\u043a\u043e\u0433\u0440\u0430\u043d\u0438\u0447\u043d\u0435 \u0441\u0430\u0440\u0430\u0434\u045a\u0435[:ba]Delegacija Ministarstva za evropske integracije u dvodnevnoj posjeti Sjevernoj Makedoniji i jugu Srbije: obilazak projekata i razgovori o novom pozivu u okviru Programa prekograni\u010dne saradnje[:] - Cross-border Programme\",\"isPartOf\":{\"@id\":\"https:\/\/srb-bih.org\/en\/#website\"},\"primaryImageOfPage\":{\"@id\":\"https:\/\/srb-bih.org\/ministry-of-european-integration-delegation-on-a-two-day-visit-to-north-macedonia-project-visits-and-discussions-on-the-upcoming-call-within-the-cross-border-cooperation-programme\/#primaryimage\"},\"image\":{\"@id\":\"https:\/\/srb-bih.org\/ministry-of-european-integration-delegation-on-a-two-day-visit-to-north-macedonia-project-visits-and-discussions-on-the-upcoming-call-within-the-cross-border-cooperation-programme\/#primaryimage\"},\"thumbnailUrl\":\"https:\/\/srb-bih.org\/wp-content\/uploads\/2026\/03\/viber_slika_2026-03-29_11-28-49-822-300x180.jpg\",\"datePublished\":\"2026-03-31T18:49:15+00:00\",\"dateModified\":\"2026-04-02T08:59:19+00:00\",\"author\":{\"@id\":\"https:\/\/srb-bih.org\/en\/#\/schema\/person\/be15b1ae9a749a047f9349c349a3239f\"},\"breadcrumb\":{\"@id\":\"https:\/\/srb-bih.org\/ministry-of-european-integration-delegation-on-a-two-day-visit-to-north-macedonia-project-visits-and-discussions-on-the-upcoming-call-within-the-cross-border-cooperation-programme\/#breadcrumb\"},\"inLanguage\":\"bs-BA\",\"potentialAction\":[{\"@type\":\"ReadAction\",\"target\":[\"https:\/\/srb-bih.org\/ministry-of-european-integration-delegation-on-a-two-day-visit-to-north-macedonia-project-visits-and-discussions-on-the-upcoming-call-within-the-cross-border-cooperation-programme\/\"]}]},{\"@type\":\"ImageObject\",\"inLanguage\":\"bs-BA\",\"@id\":\"https:\/\/srb-bih.org\/ministry-of-european-integration-delegation-on-a-two-day-visit-to-north-macedonia-project-visits-and-discussions-on-the-upcoming-call-within-the-cross-border-cooperation-programme\/#primaryimage\",\"url\":\"https:\/\/srb-bih.org\/wp-content\/uploads\/2026\/03\/viber_slika_2026-03-29_11-28-49-822-300x180.jpg\",\"contentUrl\":\"https:\/\/srb-bih.org\/wp-content\/uploads\/2026\/03\/viber_slika_2026-03-29_11-28-49-822-300x180.jpg\"},{\"@type\":\"BreadcrumbList\",\"@id\":\"https:\/\/srb-bih.org\/ministry-of-european-integration-delegation-on-a-two-day-visit-to-north-macedonia-project-visits-and-discussions-on-the-upcoming-call-within-the-cross-border-cooperation-programme\/#breadcrumb\",\"itemListElement\":[{\"@type\":\"ListItem\",\"position\":1,\"name\":\"Home\",\"item\":\"https:\/\/srb-bih.org\/\"},{\"@type\":\"ListItem\",\"position\":2,\"name\":\"Ministry of European Integration Delegation on a two-day visit to North Macedonia: Project visits and discussions on the upcoming Call within the Cross-Border Cooperation Programme\"}]},{\"@type\":\"WebSite\",\"@id\":\"https:\/\/srb-bih.org\/en\/#website\",\"url\":\"https:\/\/srb-bih.org\/en\/\",\"name\":\"Cross-border Programme\",\"description\":\"Common Ideas for a Better Future\",\"potentialAction\":[{\"@type\":\"SearchAction\",\"target\":{\"@type\":\"EntryPoint\",\"urlTemplate\":\"https:\/\/srb-bih.org\/en\/?s={search_term_string}\"},\"query-input\":{\"@type\":\"PropertyValueSpecification\",\"valueRequired\":true,\"valueName\":\"search_term_string\"}}],\"inLanguage\":\"bs-BA\"},{\"@type\":\"Person\",\"@id\":\"https:\/\/srb-bih.org\/en\/#\/schema\/person\/be15b1ae9a749a047f9349c349a3239f\",\"name\":\"Irena Markovic\",\"url\":\"https:\/\/srb-bih.org\/ba\/author\/irena-markovic\/\"}]}<\/script>\n<!-- \/ Yoast SEO plugin. -->","yoast_head_json":{"title":"Delegacija Ministarstva za evropske integracije u dvodnevnoj posjeti Sjevernoj Makedoniji i jugu Srbije: obilazak projekata i razgovori o novom pozivu u okviru Programa prekograni\u010dne saradnje - Cross-border Programme","robots":{"index":"index","follow":"follow","max-snippet":"max-snippet:-1","max-image-preview":"max-image-preview:large","max-video-preview":"max-video-preview:-1"},"canonical":"https:\/\/srb-bih.org\/ministry-of-european-integration-delegation-on-a-two-day-visit-to-north-macedonia-project-visits-and-discussions-on-the-upcoming-call-within-the-cross-border-cooperation-programme\/","og_locale":"bs_BA","og_type":"article","og_title":"Delegacija Ministarstva za evropske integracije u dvodnevnoj posjeti Sjevernoj Makedoniji i jugu Srbije: obilazak projekata i razgovori o novom pozivu u okviru Programa prekograni\u010dne saradnje - Cross-border Programme","og_description":"Nemanja Martinovi\u0107, v.d. pomo\u0107nika ministra u Ministarstvu za evropske integracije, predvodio je delegaciju tokom dvodnevne posjete Sjevernoj Makedoniji, organizovane s ciljem obilaska projekata realiziranih u okviru IPA II Programa prekograni\u010dne saradnje Srbija\u2013Sjeverna Makedonija, kao i odr\u017eavanja radnih sastanaka s partnerima. U okviru posjete predstavnika Upravlja\u010dkog tijela, struktura za prekograni\u010dnu saradnju i Zajedni\u010dkih tehni\u010dkih sekretarijata tri [&hellip;]","og_url":"https:\/\/srb-bih.org\/ministry-of-european-integration-delegation-on-a-two-day-visit-to-north-macedonia-project-visits-and-discussions-on-the-upcoming-call-within-the-cross-border-cooperation-programme\/","og_site_name":"Cross-border Programme","article_published_time":"2026-03-31T18:49:15+00:00","article_modified_time":"2026-04-02T08:59:19+00:00","og_image":[{"width":1560,"height":938,"url":"https:\/\/srb-bih.org\/wp-content\/uploads\/2026\/03\/viber_slika_2026-03-29_11-28-49-822-scaled.jpg","type":"image\/jpeg"}],"author":"Irena Markovic","twitter_card":"summary_large_image","twitter_misc":{"Written by":"Irena Markovic","Est. reading time":"4 minute"},"schema":{"@context":"https:\/\/schema.org","@graph":[{"@type":"WebPage","@id":"https:\/\/srb-bih.org\/ministry-of-european-integration-delegation-on-a-two-day-visit-to-north-macedonia-project-visits-and-discussions-on-the-upcoming-call-within-the-cross-border-cooperation-programme\/","url":"https:\/\/srb-bih.org\/ministry-of-european-integration-delegation-on-a-two-day-visit-to-north-macedonia-project-visits-and-discussions-on-the-upcoming-call-within-the-cross-border-cooperation-programme\/","name":"[:en]Ministry of European Integration Delegation on a two-day visit to North Macedonia: Project visits and discussions on the upcoming Call within the Cross-Border Cooperation Programme[:sr]\u0414\u0435\u043b\u0435\u0433\u0430\u0446\u0438\u0458\u0430 \u041c\u0438\u043d\u0438\u0441\u0442\u0430\u0440\u0441\u0442\u0432\u0430 \u0437\u0430 \u0435\u0432\u0440\u043e\u043f\u0441\u043a\u0435 \u0438\u043d\u0442\u0435\u0433\u0440\u0430\u0446\u0438\u0458\u0435 \u0443 \u0434\u0432\u043e\u0434\u043d\u0435\u0432\u043d\u043e\u0458 \u043f\u043e\u0441\u0435\u0442\u0438 \u0421\u0435\u0432\u0435\u0440\u043d\u043e\u0458 \u041c\u0430\u043a\u0435\u0434\u043e\u043d\u0438\u0458\u0438: \u043e\u0431\u0438\u043b\u0430\u0437\u0430\u043a \u043f\u0440\u043e\u0458\u0435\u043a\u0430\u0442\u0430 \u0438 \u0440\u0430\u0437\u0433\u043e\u0432\u043e\u0440\u0438 \u043e \u043d\u043e\u0432\u043e\u043c \u043f\u043e\u0437\u0438\u0432\u0443 \u0443 \u043e\u043a\u0432\u0438\u0440\u0443 \u041f\u0440\u043e\u0433\u0440\u0430\u043c\u0430 \u043f\u0440\u0435\u043a\u043e\u0433\u0440\u0430\u043d\u0438\u0447\u043d\u0435 \u0441\u0430\u0440\u0430\u0434\u045a\u0435[:ba]Delegacija Ministarstva za evropske integracije u dvodnevnoj posjeti Sjevernoj Makedoniji i jugu Srbije: obilazak projekata i razgovori o novom pozivu u okviru Programa prekograni\u010dne saradnje[:] - Cross-border Programme","isPartOf":{"@id":"https:\/\/srb-bih.org\/en\/#website"},"primaryImageOfPage":{"@id":"https:\/\/srb-bih.org\/ministry-of-european-integration-delegation-on-a-two-day-visit-to-north-macedonia-project-visits-and-discussions-on-the-upcoming-call-within-the-cross-border-cooperation-programme\/#primaryimage"},"image":{"@id":"https:\/\/srb-bih.org\/ministry-of-european-integration-delegation-on-a-two-day-visit-to-north-macedonia-project-visits-and-discussions-on-the-upcoming-call-within-the-cross-border-cooperation-programme\/#primaryimage"},"thumbnailUrl":"https:\/\/srb-bih.org\/wp-content\/uploads\/2026\/03\/viber_slika_2026-03-29_11-28-49-822-300x180.jpg","datePublished":"2026-03-31T18:49:15+00:00","dateModified":"2026-04-02T08:59:19+00:00","author":{"@id":"https:\/\/srb-bih.org\/en\/#\/schema\/person\/be15b1ae9a749a047f9349c349a3239f"},"breadcrumb":{"@id":"https:\/\/srb-bih.org\/ministry-of-european-integration-delegation-on-a-two-day-visit-to-north-macedonia-project-visits-and-discussions-on-the-upcoming-call-within-the-cross-border-cooperation-programme\/#breadcrumb"},"inLanguage":"bs-BA","potentialAction":[{"@type":"ReadAction","target":["https:\/\/srb-bih.org\/ministry-of-european-integration-delegation-on-a-two-day-visit-to-north-macedonia-project-visits-and-discussions-on-the-upcoming-call-within-the-cross-border-cooperation-programme\/"]}]},{"@type":"ImageObject","inLanguage":"bs-BA","@id":"https:\/\/srb-bih.org\/ministry-of-european-integration-delegation-on-a-two-day-visit-to-north-macedonia-project-visits-and-discussions-on-the-upcoming-call-within-the-cross-border-cooperation-programme\/#primaryimage","url":"https:\/\/srb-bih.org\/wp-content\/uploads\/2026\/03\/viber_slika_2026-03-29_11-28-49-822-300x180.jpg","contentUrl":"https:\/\/srb-bih.org\/wp-content\/uploads\/2026\/03\/viber_slika_2026-03-29_11-28-49-822-300x180.jpg"},{"@type":"BreadcrumbList","@id":"https:\/\/srb-bih.org\/ministry-of-european-integration-delegation-on-a-two-day-visit-to-north-macedonia-project-visits-and-discussions-on-the-upcoming-call-within-the-cross-border-cooperation-programme\/#breadcrumb","itemListElement":[{"@type":"ListItem","position":1,"name":"Home","item":"https:\/\/srb-bih.org\/"},{"@type":"ListItem","position":2,"name":"Ministry of European Integration Delegation on a two-day visit to North Macedonia: Project visits and discussions on the upcoming Call within the Cross-Border Cooperation Programme"}]},{"@type":"WebSite","@id":"https:\/\/srb-bih.org\/en\/#website","url":"https:\/\/srb-bih.org\/en\/","name":"Cross-border Programme","description":"Common Ideas for a Better Future","potentialAction":[{"@type":"SearchAction","target":{"@type":"EntryPoint","urlTemplate":"https:\/\/srb-bih.org\/en\/?s={search_term_string}"},"query-input":{"@type":"PropertyValueSpecification","valueRequired":true,"valueName":"search_term_string"}}],"inLanguage":"bs-BA"},{"@type":"Person","@id":"https:\/\/srb-bih.org\/en\/#\/schema\/person\/be15b1ae9a749a047f9349c349a3239f","name":"Irena Markovic","url":"https:\/\/srb-bih.org\/ba\/author\/irena-markovic\/"}]}},"_links":{"self":[{"href":"https:\/\/srb-bih.org\/ba\/wp-json\/wp\/v2\/posts\/10423","targetHints":{"allow":["GET"]}}],"collection":[{"href":"https:\/\/srb-bih.org\/ba\/wp-json\/wp\/v2\/posts"}],"about":[{"href":"https:\/\/srb-bih.org\/ba\/wp-json\/wp\/v2\/types\/post"}],"author":[{"embeddable":true,"href":"https:\/\/srb-bih.org\/ba\/wp-json\/wp\/v2\/users\/7"}],"replies":[{"embeddable":true,"href":"https:\/\/srb-bih.org\/ba\/wp-json\/wp\/v2\/comments?post=10423"}],"version-history":[{"count":5,"href":"https:\/\/srb-bih.org\/ba\/wp-json\/wp\/v2\/posts\/10423\/revisions"}],"predecessor-version":[{"id":10438,"href":"https:\/\/srb-bih.org\/ba\/wp-json\/wp\/v2\/posts\/10423\/revisions\/10438"}],"wp:attachment":[{"href":"https:\/\/srb-bih.org\/ba\/wp-json\/wp\/v2\/media?parent=10423"}],"wp:term":[{"taxonomy":"category","embeddable":true,"href":"https:\/\/srb-bih.org\/ba\/wp-json\/wp\/v2\/categories?post=10423"},{"taxonomy":"post_tag","embeddable":true,"href":"https:\/\/srb-bih.org\/ba\/wp-json\/wp\/v2\/tags?post=10423"}],"curies":[{"name":"wp","href":"https:\/\/api.w.org\/{rel}","templated":true}]}}